{"id":69855,"date":"2021-05-13T10:01:45","date_gmt":"2021-05-13T13:01:45","guid":{"rendered":"https:\/\/blogdoedvaldomagalhaes.com.br\/?p=69855"},"modified":"2021-05-13T10:01:46","modified_gmt":"2021-05-13T13:01:46","slug":"homem-e-assassinado-a-caminho-do-trabalho-em-caruaru-nesta-quinta-feira-13","status":"publish","type":"post","link":"https:\/\/blogdoedvaldomagalhaes.com.br\/index.php\/2021\/05\/13\/homem-e-assassinado-a-caminho-do-trabalho-em-caruaru-nesta-quinta-feira-13\/","title":{"rendered":"Homem \u00e9 assassinado a caminho do trabalho em Caruaru nesta quinta-feira (13)"},"content":{"rendered":"<p style=\"text-align: justify;\">Jos\u00e9 Alexandre da Silva, de 34 anos de idade, foi assassinado a tiros na manh\u00e3 desta quinta-feira (13), no s\u00edtio Cip\u00f3, zona rural de Caruaru, quando estava indo para o trabalho.<\/p>\n<p style=\"text-align: justify;\">A Pol\u00edcia Militar fez o isolamento do local e, ap\u00f3s per\u00edcia, o corpo foi encaminhado para o Instituto de Medicina Legal (IML). Ainda n\u00e3o h\u00e1 informa\u00e7\u00f5es sobre autoria nem motiva\u00e7\u00e3o do crime.<\/p>\n<p style=\"text-align: justify;\">Esse foi o 9\u00ba homic\u00eddio do m\u00eas de maio em Caruaru, e o 42\u00b0 no ano de 2021 no munic\u00edpio.<\/p>\n<p>Foto: Reprodu\u00e7\u00e3o\/Internet.<\/p>\n","protected":false},"excerpt":{"rendered":"<p>Jos\u00e9 Alexandre da Silva, de 34 anos de idade, foi assassinado a tiros na manh\u00e3 desta quinta-feira (13), no s\u00edtio&hellip;<\/p>\n","protected":false},"author":1,"featured_media":69856,"comment_status":"open","ping_status":"open","sticky":false,"template":"","format":"standard","meta":{"footnotes":""},"categories":[14121],"tags":[2,19532,21622,5448,1950],"class_list":["post-69855","post","type-post","status-publish","format-standard","has-post-thumbnail","hentry","category-policial","tag-blog-do-edvaldo-magalhaes","tag-blog-mais-acessado-e-visualizado-de-caruaru-e-regiao","tag-homem-e-assassinado-a-caminho-do-trabalho-em-caruaru-nesta-quinta-feira-13","tag-homicidio","tag-noticias-de-caruaru"],"_links":{"self":[{"href":"https:\/\/blogdoedvaldomagalhaes.com.br\/index.php\/wp-json\/wp\/v2\/posts\/69855","targetHints":{"allow":["GET"]}}],"collection":[{"href":"https:\/\/blogdoedvaldomagalhaes.com.br\/index.php\/wp-json\/wp\/v2\/posts"}],"about":[{"href":"https:\/\/blogdoedvaldomagalhaes.com.br\/index.php\/wp-json\/wp\/v2\/types\/post"}],"author":[{"embeddable":true,"href":"https:\/\/blogdoedvaldomagalhaes.com.br\/index.php\/wp-json\/wp\/v2\/users\/1"}],"replies":[{"embeddable":true,"href":"https:\/\/blogdoedvaldomagalhaes.com.br\/index.php\/wp-json\/wp\/v2\/comments?post=69855"}],"version-history":[{"count":1,"href":"https:\/\/blogdoedvaldomagalhaes.com.br\/index.php\/wp-json\/wp\/v2\/posts\/69855\/revisions"}],"predecessor-version":[{"id":69857,"href":"https:\/\/blogdoedvaldomagalhaes.com.br\/index.php\/wp-json\/wp\/v2\/posts\/69855\/revisions\/69857"}],"wp:featuredmedia":[{"embeddable":true,"href":"https:\/\/blogdoedvaldomagalhaes.com.br\/index.php\/wp-json\/wp\/v2\/media\/69856"}],"wp:attachment":[{"href":"https:\/\/blogdoedvaldomagalhaes.com.br\/index.php\/wp-json\/wp\/v2\/media?parent=69855"}],"wp:term":[{"taxonomy":"category","embeddable":true,"href":"https:\/\/blogdoedvaldomagalhaes.com.br\/index.php\/wp-json\/wp\/v2\/categories?post=69855"},{"taxonomy":"post_tag","embeddable":true,"href":"https:\/\/blogdoedvaldomagalhaes.com.br\/index.php\/wp-json\/wp\/v2\/tags?post=69855"}],"curies":[{"name":"wp","href":"https:\/\/api.w.org\/{rel}","templated":true}]}}