{"id":69852,"date":"2021-05-13T09:19:05","date_gmt":"2021-05-13T12:19:05","guid":{"rendered":"https:\/\/blogdoedvaldomagalhaes.com.br\/?p=69852"},"modified":"2021-05-13T09:19:14","modified_gmt":"2021-05-13T12:19:14","slug":"covid-19-por-que-e-preciso-trocar-a-escova-de-dente-apos-a-recuperacao","status":"publish","type":"post","link":"https:\/\/blogdoedvaldomagalhaes.com.br\/index.php\/2021\/05\/13\/covid-19-por-que-e-preciso-trocar-a-escova-de-dente-apos-a-recuperacao\/","title":{"rendered":"COVID-19: por que \u00e9 preciso trocar a escova de dente ap\u00f3s a recupera\u00e7\u00e3o?"},"content":{"rendered":"<p style=\"text-align: justify;\"><span style=\"font-size: inherit;\">Muita gente sabe que o per\u00edodo para se usar uma escova de dente \u00e9 de at\u00e9 tr\u00eas meses, tendo que substituir por uma nova logo em seguida. Mas, h\u00e1 outro detalhe muito importante, ainda mais neste per\u00edodo de pandemia, que precisa ser observado quando o assunto \u00e9 a troca da escova dental: quando qualquer pessoa \u00e9 diagnosticada com COVID-19 ou outras doen\u00e7as virais, assim que recuperada, tamb\u00e9m \u00e9 preciso fazer a troca imediatamente, como explica a dentista credenciada ao Cart\u00e3o S\u00e3o Gabriel, Lu\u00e9dja Ara\u00fajo.<\/span><\/p>\n<p style=\"text-align: justify;\">\n\u201cAp\u00f3s a recupera\u00e7\u00e3o de qualquer quadro viral ou infeccioso, faz-se necess\u00e1rio a troca da escova dental, mesmo que ela ainda esteja em condi\u00e7\u00f5es vi\u00e1veis de uso, assim evitando contamina\u00e7\u00e3o novamente pelos agentes patol\u00f3gicos instalados nela\u201d , afirma a dentista, que tamb\u00e9m ressalta a import\u00e2ncia de isolar a escova como medida de preven\u00e7\u00e3o.<\/p>\n<p style=\"text-align: justify;\">\u201cOutra medida preventiva importante \u00e9 que, durante o processo infeccioso, sua escova n\u00e3o encoste em outras escovas de familiares comuns \u00e0 casa, para evitar que haja infec\u00e7\u00e3o cruzada, que \u00e9 a propaga\u00e7\u00e3o do v\u00edrus, bact\u00e9ria ou fungo para outras pessoas atrav\u00e9s do contato das escovas\u201d, orienta.<\/p>\n<p>A porta de entrada de um processo infeccioso \u00e9 o trato respirat\u00f3rio superior: boca (dentes, gengivas e l\u00edngua), faringe (garganta) e pulm\u00f5es. Fisiologicamente, a saliva abriga in\u00fameras bact\u00e9rias, o que torna a boca um meio prop\u00edcio \u00e0 prolifera\u00e7\u00e3o e crescimento de outros micro-organismos, como o pr\u00f3prio coronav\u00edrus. Estudos mostram que fluidos orais e nasais s\u00e3o as maiores fontes de propaga\u00e7\u00e3o do coronav\u00edrus, que podem sobreviver por mais de 24h em temperatura ambiente no metal, vidro e pl\u00e1stico, estando a\u00ed inclusas as superf\u00edcies pl\u00e1sticas da cabe\u00e7a da escova, do cabo e das cerdas de nylon<\/p>\n","protected":false},"excerpt":{"rendered":"<p>Muita gente sabe que o per\u00edodo para se usar uma escova de dente \u00e9 de at\u00e9 tr\u00eas meses, tendo que&hellip;<\/p>\n","protected":false},"author":1,"featured_media":69853,"comment_status":"open","ping_status":"open","sticky":false,"template":"","format":"standard","meta":{"footnotes":""},"categories":[14120],"tags":[2,19532,21621,1950,19670],"class_list":["post-69852","post","type-post","status-publish","format-standard","has-post-thumbnail","hentry","category-noticias","tag-blog-do-edvaldo-magalhaes","tag-blog-mais-acessado-e-visualizado-de-caruaru-e-regiao","tag-covid-19-por-que-e-preciso-trocar-a-escova-de-dente-apos-a-recuperacao","tag-noticias-de-caruaru","tag-novo-coronavirus"],"_links":{"self":[{"href":"https:\/\/blogdoedvaldomagalhaes.com.br\/index.php\/wp-json\/wp\/v2\/posts\/69852","targetHints":{"allow":["GET"]}}],"collection":[{"href":"https:\/\/blogdoedvaldomagalhaes.com.br\/index.php\/wp-json\/wp\/v2\/posts"}],"about":[{"href":"https:\/\/blogdoedvaldomagalhaes.com.br\/index.php\/wp-json\/wp\/v2\/types\/post"}],"author":[{"embeddable":true,"href":"https:\/\/blogdoedvaldomagalhaes.com.br\/index.php\/wp-json\/wp\/v2\/users\/1"}],"replies":[{"embeddable":true,"href":"https:\/\/blogdoedvaldomagalhaes.com.br\/index.php\/wp-json\/wp\/v2\/comments?post=69852"}],"version-history":[{"count":1,"href":"https:\/\/blogdoedvaldomagalhaes.com.br\/index.php\/wp-json\/wp\/v2\/posts\/69852\/revisions"}],"predecessor-version":[{"id":69854,"href":"https:\/\/blogdoedvaldomagalhaes.com.br\/index.php\/wp-json\/wp\/v2\/posts\/69852\/revisions\/69854"}],"wp:featuredmedia":[{"embeddable":true,"href":"https:\/\/blogdoedvaldomagalhaes.com.br\/index.php\/wp-json\/wp\/v2\/media\/69853"}],"wp:attachment":[{"href":"https:\/\/blogdoedvaldomagalhaes.com.br\/index.php\/wp-json\/wp\/v2\/media?parent=69852"}],"wp:term":[{"taxonomy":"category","embeddable":true,"href":"https:\/\/blogdoedvaldomagalhaes.com.br\/index.php\/wp-json\/wp\/v2\/categories?post=69852"},{"taxonomy":"post_tag","embeddable":true,"href":"https:\/\/blogdoedvaldomagalhaes.com.br\/index.php\/wp-json\/wp\/v2\/tags?post=69852"}],"curies":[{"name":"wp","href":"https:\/\/api.w.org\/{rel}","templated":true}]}}