{"id":69844,"date":"2021-05-12T20:42:34","date_gmt":"2021-05-12T23:42:34","guid":{"rendered":"https:\/\/blogdoedvaldomagalhaes.com.br\/?p=69844"},"modified":"2021-05-12T20:42:35","modified_gmt":"2021-05-12T23:42:35","slug":"pernambuco-vai-retomar-vacinacao-de-gravidas-e-puerperas-com-vacina-da-pfizer","status":"publish","type":"post","link":"https:\/\/blogdoedvaldomagalhaes.com.br\/index.php\/2021\/05\/12\/pernambuco-vai-retomar-vacinacao-de-gravidas-e-puerperas-com-vacina-da-pfizer\/","title":{"rendered":"Pernambuco vai retomar vacina\u00e7\u00e3o de gr\u00e1vidas e pu\u00e9rperas com vacina da Pfizer"},"content":{"rendered":"<p style=\"font-weight: 400; text-align: justify;\">Pernambuco vai descentralizar a imuniza\u00e7\u00e3o de gestantes e pu\u00e9rperas contra a Covid-19 com a vacina da Pfizer\/BioNTech para o interior, totalizando quatro polos macrorregionais no Estado. O imunizante ser\u00e1 destinado \u00e0s gestantes e pu\u00e9rperas, com e sem cormorbidades. Essa foi uma decis\u00e3o tomada pela Secretaria Estadual de Sa\u00fade (SES-PE) e pelos gestores municipais durante a reuni\u00e3o da Comiss\u00e3o Intergestores Bipartite (CIB), realizada na tarde desta quarta-feira (12\/05), al\u00e9m de contar com o aval do Comit\u00ea T\u00e9cnico Estadual para Acompanhamento da Vacina\u00e7\u00e3o contra a Covid-19.<\/p>\n<p style=\"font-weight: 400; text-align: justify;\">Neste primeiro momento, a vacina\u00e7\u00e3o ser\u00e1 ofertada no Recife, Olinda e Jaboat\u00e3o dos Guararapes, para as cidades da Regi\u00e3o Metropolitana e Zona da Mata; Caruaru, para o Agreste; e Serra Talhada e Petrolina, para o Sert\u00e3o. O Programa Estadual de Imuniza\u00e7\u00e3o est\u00e1 organizando um plano operativo para informar para qual polo ir\u00e1 a mulher de cada munic\u00edpio. Al\u00e9m disso, est\u00e1 sendo verificado com Recife, Jaboat\u00e3o e Olinda quantas das 46,8 mil doses da Pfizer, entregues ao Estado na \u00faltima segunda (10\/05), est\u00e3o dispon\u00edveis para fazer a divis\u00e3o para as macrorregionais. A expectativa \u00e9 que o imunizante seja distribu\u00eddo j\u00e1 na pr\u00f3xima sexta (14\/05). A depender da demanda, a vacina tamb\u00e9m poder\u00e1 ser destinada ao p\u00fablico com comorbidades, ou pessoas com defici\u00eancia cadastradas no BPC.<\/p>\n<p style=\"font-weight: 400; text-align: justify;\">&#8220;A vacina\u00e7\u00e3o para este grupo de gestantes e pu\u00e9rperas \u00e9 segura com a vacina da Pfizer. Ent\u00e3o, tanto o Comit\u00ea T\u00e9cnico quanto a CIB decidiram pela continuidade do processo de vacina\u00e7\u00e3o em Pernambuco. N\u00f3s estamos organizando uma rede nos munic\u00edpios sede de Regionais, inclusive no interior do Estado, para que esse processo de vacina\u00e7\u00e3o das gestantes e pu\u00e9rperas possa ter continuidade j\u00e1 a partir deste final de semana, com a distribui\u00e7\u00e3o da Pfizer de forma mais capilarizada para esses munic\u00edpios atenderem essas mulheres perto de onde elas residem. Essa rede solid\u00e1ria do Sistema \u00danico de Sa\u00fade ser\u00e1 criada para garantir a continuidade segura do processo de vacina\u00e7\u00e3o das mulheres gestantes e pu\u00e9rperas de Pernambuco&#8221;, refor\u00e7ou o secret\u00e1rio estadual de Sa\u00fade, Andr\u00e9 Longo.<\/p>\n<p style=\"font-weight: 400; text-align: justify;\">Durante a CIB, foi informado que, posteriormente, ser\u00e1 feito o acerto de contas para que os munic\u00edpios do Recife, Olinda e Jaboat\u00e3o dos Guararapes sejam compensados pelas doses que foram disponibilizadas. Al\u00e9m disso, essa vacina\u00e7\u00e3o ser\u00e1 utilizada como piloto para uma poss\u00edvel expans\u00e3o para outras cidades caso haja a disponibilidade de mais doses da Pfizer e condi\u00e7\u00f5es log\u00edsticas e t\u00e9cnicas para essa oferta.<\/p>\n<p style=\"font-weight: 400; text-align: justify;\">Durante a reuni\u00e3o do Comit\u00ea T\u00e9cnico Estadual e da CIB, ainda foi citada a suspens\u00e3o da vacina\u00e7\u00e3o das gr\u00e1vidas e pu\u00e9rperas com a vacina da Astrazeneca\/Fiocruz. O Estado continua no aguardo das orienta\u00e7\u00f5es do Minist\u00e9rio da Sa\u00fade (MS), principalmente em como se dar\u00e1 a finaliza\u00e7\u00e3o do esquema vacinal daquelas mulheres que j\u00e1 fizeram a primeira dose.<\/p>\n<p style=\"font-weight: 400; text-align: justify;\">O secret\u00e1rio Andr\u00e9 Longo tranquilizou aquelas mulheres que fizeram a primeira dose com a Astrazeneca e frisou que os efeitos colaterais descritos at\u00e9 o momento s\u00e3o raros. &#8220;N\u00f3s aguardamos uma posi\u00e7\u00e3o, o mais r\u00e1pido poss\u00edvel, do Minist\u00e9rio da Sa\u00fade para poder fazer um comunicado para garantir o esquema vacinal dessas mulheres gestantes e pu\u00e9rperas&#8221;, disse.<\/p>\n<p style=\"font-weight: 400; text-align: justify;\"><strong>COMORBIDADES<\/strong>\u00a0&#8211; A Secretaria Estadual de Sa\u00fade (SES-PE) ainda informa que a vacina\u00e7\u00e3o no grupo de comorbidades e pessoa com defici\u00eancia cadastrada no BPC passa a ser feita na faixa et\u00e1ria a partir dos 50 anos em todo o Estado. A mudan\u00e7a tamb\u00e9m passou por pactua\u00e7\u00e3o em CIB.<\/p>\n<p style=\"font-weight: 400; text-align: justify;\"><strong>BOLETIM<\/strong>\u00a0&#8211; A Secretaria Estadual de Sa\u00fade (SES-PE) registrou, nesta quarta-feira (12\/05), 2.426 casos da Covid-19. Entre os confirmados hoje, 116 (5%) s\u00e3o casos de S\u00edndrome Respirat\u00f3ria Aguda Grave (SRAG) e 2.310 (95%) s\u00e3o leves. Agora, Pernambuco totaliza 431.613 casos confirmados da doen\u00e7a, sendo 41.948 graves e 389.665 leves, que est\u00e3o distribu\u00eddos por todos os 184 munic\u00edpios pernambucanos, al\u00e9m do arquip\u00e9lago de Fernando de Noronha.<\/p>\n<p style=\"font-weight: 400; text-align: justify;\">Al\u00e9m disso, o boletim registra um total de 369.033 pacientes recuperados da doen\u00e7a. Destes, 24.548 eram pacientes graves, que necessitaram de internamento hospitalar, e 344.485 eram casos leves.<\/p>\n<p style=\"font-weight: 400; text-align: justify;\">Tamb\u00e9m foram confirmados laboratorialmente 80 novos \u00f3bitos\u00a0(42 masculinos e 38 femininos), ocorridos entre os dias 26\/12\/2020 e 11\/05\/2021. As novas mortes s\u00e3o de pessoas residentes dos munic\u00edpios de Afogados da Ingazeira (3), Angelim (1), Barreiros (1), Bom Conselho (1), Bom Jardim (1), Brejinho (2), Cabo de Santo Agostinho (1), Cabrob\u00f3 (1), Camaragibe (1), Camutanga (1), Capoeiras (1), Caruaru (1), Garanhuns (1), Goiana (1), Gravat\u00e1 (1), Igarassu (1), Iguaracy (1), Ingazeira (2), Itapetim (1), Jaboat\u00e3o dos Guararapes (4), Jucati (1), Moreno (2), Olinda (5), Ouricuri (1), Passira (1), Paulista (3), Pesqueira (1), Petrolina (9), Recife (21), Ribeir\u00e3o (2), Salo\u00e1 (1), S\u00e3o Bento do Una (1), S\u00e3o Louren\u00e7o da Mata (1), Tabira (1), Tupanatinga (1) e Vit\u00f3ria de Santo Ant\u00e3o (2). Com isso, o Estado totaliza 14.719 mortes pela doen\u00e7a.<\/p>\n<p style=\"font-weight: 400; text-align: justify;\">Os pacientes tinham idades entre 29 e 93 anos. As faixas et\u00e1rias s\u00e3o: 20 a 29 (2), 30 a 39 (1), 40 a 49 (9), 50 a 59 (17), 60 a 69 (19), 70 a 79 (19), 80 ou mais (13). Do total, 51 tinham doen\u00e7as preexistentes:\u00a0doen\u00e7a cardiovascular (29), diabetes (22), hipertens\u00e3o (12), obesidade (5), doen\u00e7a renal (5), hist\u00f3rico de tabagismo (4), doen\u00e7a respirat\u00f3ria (3), doen\u00e7a end\u00f3crina (1), imunossupress\u00e3o (1), hist\u00f3rico de AVE (1) e dislipidemia (1) &#8211; um paciente pode ter mais de uma comorbidade. Quatro n\u00e3o apresentavam comorbidades e os demais seguem em investiga\u00e7\u00e3o.<\/p>\n<p style=\"font-weight: 400; text-align: justify;\">Com rela\u00e7\u00e3o \u00e0 testagem dos profissionais de sa\u00fade com sintomas de gripe, em Pernambuco, at\u00e9 agora, 29.003 casos foram confirmados e 50.162 descartados. As testagens entre os trabalhadores do setor abrangem os profissionais de todas as unidades de sa\u00fade, sejam da rede p\u00fablica (estadual e municipal) ou privada. O Governo de Pernambuco foi o primeiro do pa\u00eds a criar um protocolo para testar e afastar os profissionais da \u00e1rea da sa\u00fade com sintomas gripais. O boletim de hoje tamb\u00e9m traz, em sua parte final, o detalhamento da testagem destes profissionais.<\/p>\n<p style=\"font-weight: 400; text-align: justify;\"><strong>BALAN\u00c7O DA VACINA\u00c7\u00c3O<\/strong>\u00a0&#8211; Pernambuco j\u00e1 aplicou 2.300.300 doses da vacina contra a Covid-19, das quais 1.525.967 foram primeiras doses. Ao todo, foram feitas a primeira dose em 253.131 trabalhadores de sa\u00fade; 25.497 povos ind\u00edgenas aldeados; 38.080 em comunidades quilombolas; 6.424 idosos em Institui\u00e7\u00f5es de Longa Perman\u00eancia; 557.452 idosos de 60 a 69 anos; 391.175 idosos de 70 a 79 anos; 102.962 idosos de 80 a 84 anos; 89.152 idosos a partir de 85 anos; 1.303 pessoas com defici\u00eancia institucionalizadas; 6.668 trabalhadores das for\u00e7as de seguran\u00e7a e salvamento; 45.432 pessoas com comorbidades; 840 pessoas com defici\u00eancia permanente; 7.851 gestantes e pu\u00e9rperas.<\/p>\n<p style=\"font-weight: 400; text-align: justify;\">Em rela\u00e7\u00e3o \u00e0 segunda dose, j\u00e1 foram beneficiados 204.710 trabalhadores de sa\u00fade; 24.964 povos ind\u00edgenas aldeados; 48 em comunidades quilombolas; 4.806 idosos institucionalizados; 165.901 idosos de 60 a 69 anos; 276.108 idosos de 70 a 79 anos; 45.687 idosos de 80 a 84 anos; 50.872 idosos a partir de 85 anos, 1.122 pessoas com defici\u00eancia institucionalizadas; 115 trabalhadores das for\u00e7as de seguran\u00e7a e salvamento; totalizando 774.333 pessoas que j\u00e1 finalizaram o esquema.<\/p>\n<p>Foto de Gestante &#8211; Pixabay<\/p>\n","protected":false},"excerpt":{"rendered":"<p>Pernambuco vai descentralizar a imuniza\u00e7\u00e3o de gestantes e pu\u00e9rperas contra a Covid-19 com a vacina da Pfizer\/BioNTech para o interior,&hellip;<\/p>\n","protected":false},"author":1,"featured_media":69845,"comment_status":"open","ping_status":"open","sticky":false,"template":"","format":"standard","meta":{"footnotes":""},"categories":[14120],"tags":[2,19532,1950,19670,21618],"class_list":["post-69844","post","type-post","status-publish","format-standard","has-post-thumbnail","hentry","category-noticias","tag-blog-do-edvaldo-magalhaes","tag-blog-mais-acessado-e-visualizado-de-caruaru-e-regiao","tag-noticias-de-caruaru","tag-novo-coronavirus","tag-pernambuco-vai-retomar-vacinacao-de-gravidas-e-puerperas-com-vacina-da-pfizer"],"_links":{"self":[{"href":"https:\/\/blogdoedvaldomagalhaes.com.br\/index.php\/wp-json\/wp\/v2\/posts\/69844","targetHints":{"allow":["GET"]}}],"collection":[{"href":"https:\/\/blogdoedvaldomagalhaes.com.br\/index.php\/wp-json\/wp\/v2\/posts"}],"about":[{"href":"https:\/\/blogdoedvaldomagalhaes.com.br\/index.php\/wp-json\/wp\/v2\/types\/post"}],"author":[{"embeddable":true,"href":"https:\/\/blogdoedvaldomagalhaes.com.br\/index.php\/wp-json\/wp\/v2\/users\/1"}],"replies":[{"embeddable":true,"href":"https:\/\/blogdoedvaldomagalhaes.com.br\/index.php\/wp-json\/wp\/v2\/comments?post=69844"}],"version-history":[{"count":1,"href":"https:\/\/blogdoedvaldomagalhaes.com.br\/index.php\/wp-json\/wp\/v2\/posts\/69844\/revisions"}],"predecessor-version":[{"id":69846,"href":"https:\/\/blogdoedvaldomagalhaes.com.br\/index.php\/wp-json\/wp\/v2\/posts\/69844\/revisions\/69846"}],"wp:featuredmedia":[{"embeddable":true,"href":"https:\/\/blogdoedvaldomagalhaes.com.br\/index.php\/wp-json\/wp\/v2\/media\/69845"}],"wp:attachment":[{"href":"https:\/\/blogdoedvaldomagalhaes.com.br\/index.php\/wp-json\/wp\/v2\/media?parent=69844"}],"wp:term":[{"taxonomy":"category","embeddable":true,"href":"https:\/\/blogdoedvaldomagalhaes.com.br\/index.php\/wp-json\/wp\/v2\/categories?post=69844"},{"taxonomy":"post_tag","embeddable":true,"href":"https:\/\/blogdoedvaldomagalhaes.com.br\/index.php\/wp-json\/wp\/v2\/tags?post=69844"}],"curies":[{"name":"wp","href":"https:\/\/api.w.org\/{rel}","templated":true}]}}