{"id":6977,"date":"2017-01-24T18:24:00","date_gmt":"2017-01-24T20:24:00","guid":{"rendered":"http:\/\/blogdoedvaldomagalhaes.com.br\/index.php\/2017\/01\/24\/pmpee-destra-fazem-operacao-conjunta\/"},"modified":"2019-02-09T01:14:43","modified_gmt":"2019-02-09T03:14:43","slug":"pmpee-destra-fazem-operacao-conjunta","status":"publish","type":"post","link":"https:\/\/blogdoedvaldomagalhaes.com.br\/index.php\/2017\/01\/24\/pmpee-destra-fazem-operacao-conjunta\/","title":{"rendered":"PMPEe Destra fazem opera\u00e7\u00e3o conjunta para coibir servi\u00e7o clandestino de mototaxi em Caruaru"},"content":{"rendered":"<div class=\"separator\" style=\"clear: both; text-align: center;\">\n<a href=\"https:\/\/1.bp.blogspot.com\/-VvSh_auy5z0\/WIebl25Yd3I\/AAAAAAAAOAQ\/CRzcBvNyo0oYyQiuFqB-ABiVhI8fIt6RwCLcB\/s1600\/destra.jpg\" imageanchor=\"1\" style=\"margin-left: 1em; margin-right: 1em;\"><img loading=\"lazy\" decoding=\"async\" border=\"0\" height=\"221\" src=\"http:\/\/blogdoedvaldomagalhaes.com.br\/wp-content\/uploads\/2017\/01\/destra.jpg\" width=\"400\" \/><\/a><\/div>\n<div class=\"separator\" style=\"clear: both; text-align: center;\">\nFoto: Reprodu\u00e7\u00e3o\/WhatsApp<\/div>\n<div style=\"background-color: white; margin-bottom: 6px; text-align: justify;\">\n<\/div>\n<div style=\"background-color: white; margin-bottom: 6px; margin-top: 6px; text-align: justify;\">\nOpera\u00e7\u00e3o &#8220;Destra em A\u00e7\u00e3o&#8221;, com o apoio da Pol\u00edcia Militar, foi realizada na noite dessa segunda-feira (23), em Caruaru, para coibir o servi\u00e7o clandestino de mototaxi na cidade. O efetivo da Pol\u00edcia Militar deu apoio aos agentes da Destra na fiscaliza\u00e7\u00e3o de mototaxistas que trabalham de forma clandestina.<\/div>\n<div style=\"background-color: white; display: inline; margin-top: 6px;\">\n<\/div>\n<div style=\"text-align: justify;\">\n<\/div>\n<div style=\"text-align: justify;\">\nForam fiscalizados diversos Pontos de mototaxi na periferia da cidade, por\u00e9m no transcorrer da opera\u00e7\u00e3o n\u00e3o foram registradas ocorr\u00eancias de vulto, ao todo 47 motocicletas foram abordadas, 02 autua\u00e7\u00f5es por n\u00e3o ser licenciado para o transporte regular de passageiros, 02 CRLV em atraso, 02 remo\u00e7\u00f5es, 01 estacionamento irregular, 08 coletes recolhidos, &nbsp;01 carro abordado, al\u00e9m 67 pessoas abordadas.<\/div>\n","protected":false},"excerpt":{"rendered":"<p>Foto: Reprodu\u00e7\u00e3o\/WhatsApp Opera\u00e7\u00e3o &#8220;Destra em A\u00e7\u00e3o&#8221;, com o apoio da Pol\u00edcia Militar, foi realizada na noite dessa segunda-feira (23), em&hellip;<\/p>\n","protected":false},"author":1,"featured_media":0,"comment_status":"open","ping_status":"open","sticky":false,"template":"","format":"standard","meta":{"footnotes":""},"categories":[1],"tags":[2,6,9574],"class_list":["post-6977","post","type-post","status-publish","format-standard","hentry","category-sem-categoria","tag-blog-do-edvaldo-magalhaes","tag-noticias","tag-pm-e-destra-fazem-operacao-para-coibir-servico-clandestino-de-mototaxi-em-caruaru"],"_links":{"self":[{"href":"https:\/\/blogdoedvaldomagalhaes.com.br\/index.php\/wp-json\/wp\/v2\/posts\/6977","targetHints":{"allow":["GET"]}}],"collection":[{"href":"https:\/\/blogdoedvaldomagalhaes.com.br\/index.php\/wp-json\/wp\/v2\/posts"}],"about":[{"href":"https:\/\/blogdoedvaldomagalhaes.com.br\/index.php\/wp-json\/wp\/v2\/types\/post"}],"author":[{"embeddable":true,"href":"https:\/\/blogdoedvaldomagalhaes.com.br\/index.php\/wp-json\/wp\/v2\/users\/1"}],"replies":[{"embeddable":true,"href":"https:\/\/blogdoedvaldomagalhaes.com.br\/index.php\/wp-json\/wp\/v2\/comments?post=6977"}],"version-history":[{"count":1,"href":"https:\/\/blogdoedvaldomagalhaes.com.br\/index.php\/wp-json\/wp\/v2\/posts\/6977\/revisions"}],"predecessor-version":[{"id":16269,"href":"https:\/\/blogdoedvaldomagalhaes.com.br\/index.php\/wp-json\/wp\/v2\/posts\/6977\/revisions\/16269"}],"wp:attachment":[{"href":"https:\/\/blogdoedvaldomagalhaes.com.br\/index.php\/wp-json\/wp\/v2\/media?parent=6977"}],"wp:term":[{"taxonomy":"category","embeddable":true,"href":"https:\/\/blogdoedvaldomagalhaes.com.br\/index.php\/wp-json\/wp\/v2\/categories?post=6977"},{"taxonomy":"post_tag","embeddable":true,"href":"https:\/\/blogdoedvaldomagalhaes.com.br\/index.php\/wp-json\/wp\/v2\/tags?post=6977"}],"curies":[{"name":"wp","href":"https:\/\/api.w.org\/{rel}","templated":true}]}}