{"id":6975,"date":"2017-01-24T19:23:00","date_gmt":"2017-01-24T21:23:00","guid":{"rendered":"http:\/\/blogdoedvaldomagalhaes.com.br\/index.php\/2017\/01\/24\/moto-roubada-em-caruaru-e-revolver\/"},"modified":"2019-02-09T01:14:43","modified_gmt":"2019-02-09T03:14:43","slug":"moto-roubada-em-caruaru-e-revolver","status":"publish","type":"post","link":"https:\/\/blogdoedvaldomagalhaes.com.br\/index.php\/2017\/01\/24\/moto-roubada-em-caruaru-e-revolver\/","title":{"rendered":"Moto roubada em Caruaru e rev\u00f3lver apreendidos em S\u00e3o Caetano"},"content":{"rendered":"<div class=\"separator\" style=\"clear: both; text-align: center;\">\n<a href=\"https:\/\/1.bp.blogspot.com\/-9Iogs6sfZ5o\/WIeoBWC1bJI\/AAAAAAAAOAo\/fm7rknx5u0Ip8GHqynGaGbYLr6gaUuQbACLcB\/s1600\/moto.jpeg\" imageanchor=\"1\" style=\"margin-left: 1em; margin-right: 1em;\"><img loading=\"lazy\" decoding=\"async\" border=\"0\" height=\"225\" src=\"http:\/\/blogdoedvaldomagalhaes.com.br\/wp-content\/uploads\/2017\/01\/moto-1.jpeg\" width=\"400\" \/><\/a><\/div>\n<div class=\"MsoNormal\" style=\"background-color: white; color: #222222; font-family: Arial, Tahoma, Helvetica, FreeSans, sans-serif; font-size: 13.2px; text-align: justify;\">\n<\/div>\n<div class=\"MsoNormal\" style=\"background-color: white; text-align: justify;\">\nNa tarde dessa segunda-feira (23), o efetivo das GT\u00b4s 15111 e 15112 da Pol\u00edcia Militar realizava a \u201cOpera\u00e7\u00e3o Abordagem\u201d, quando tomou conhecimento por populares de que uma motocicleta com dois indiv\u00edduos, a qual&nbsp; teria sido roubada na cidade de Caruaru e que estariam cometendo assaltos em S\u00e3o Caitano, e rondando no munic\u00edpio. De imediato as guarni\u00e7\u00f5es diligenciaram, localizando os envolvidos,&nbsp;<b>Maria de F\u00e1tima dos Santos,<\/b>&nbsp;de 23 anos e tr\u00eas menores, os quais foram abordados, localizando na resid\u00eancia de Maria de F\u00e1tima, o rev\u00f3lver calibre 38, sendo assumida a propriedade pelos adolescentes e em seguida, a motocicleta HONDA NXR 150 BROS &#8211; cor preta \u2013 placa OYX 6948, estava em uma casa nas imedia\u00e7\u00f5es, com restri\u00e7\u00f5es de&nbsp; roubo.<\/div>\n<div class=\"MsoNormal\" style=\"background-color: white; color: #222222; font-family: Arial, Tahoma, Helvetica, FreeSans, sans-serif; font-size: 13.2px; text-align: justify;\">\n<\/div>\n<div class=\"separator\" style=\"clear: both; text-align: center;\">\n<a href=\"https:\/\/3.bp.blogspot.com\/-MNZY0kri4Ow\/WIeoHtxH_II\/AAAAAAAAOAw\/ICJ_CMHsbEYBEfbAo8CMCNFR0eibB7CxQCLcB\/s1600\/s%25C3%25A3o%2Bcaetano.jpeg\" imageanchor=\"1\" style=\"margin-left: 1em; margin-right: 1em;\"><img loading=\"lazy\" decoding=\"async\" border=\"0\" height=\"330\" src=\"http:\/\/blogdoedvaldomagalhaes.com.br\/wp-content\/uploads\/2017\/01\/sC3A3ocaetano.jpeg\" width=\"400\" \/><\/a><\/div>\n<div class=\"separator\" style=\"clear: both; text-align: center;\">\nFoto e informa\u00e7\u00f5es de Adielson Galv\u00e3o<\/div>\n<div style=\"background-color: white; color: #222222; font-family: Arial, Tahoma, Helvetica, FreeSans, sans-serif; font-size: 13.2px; text-align: justify;\">\n<\/div>\n<div style=\"background-color: white; text-align: justify;\">\nA imputada ainda informou que os menores costumavam praticar assaltos na regi\u00e3o de Caruaru e S\u00e3o Caitano.&nbsp; Diante do exposto, o policiamento conduziu os envolvidos \u00e0 DP de Belo Jardim juntamente com o material apreendido, onde foram autuados, exceto um dos adolescentes que foi entregue aos pais.<\/div>\n","protected":false},"excerpt":{"rendered":"<p>Na tarde dessa segunda-feira (23), o efetivo das GT\u00b4s 15111 e 15112 da Pol\u00edcia Militar realizava a \u201cOpera\u00e7\u00e3o Abordagem\u201d, quando&hellip;<\/p>\n","protected":false},"author":1,"featured_media":0,"comment_status":"open","ping_status":"open","sticky":false,"template":"","format":"standard","meta":{"footnotes":""},"categories":[1],"tags":[2,9571,13],"class_list":["post-6975","post","type-post","status-publish","format-standard","hentry","category-sem-categoria","tag-blog-do-edvaldo-magalhaes","tag-moto-roubada-em-caruaru-e-revolver-apreendidos-em-sao-caetano","tag-policial"],"_links":{"self":[{"href":"https:\/\/blogdoedvaldomagalhaes.com.br\/index.php\/wp-json\/wp\/v2\/posts\/6975","targetHints":{"allow":["GET"]}}],"collection":[{"href":"https:\/\/blogdoedvaldomagalhaes.com.br\/index.php\/wp-json\/wp\/v2\/posts"}],"about":[{"href":"https:\/\/blogdoedvaldomagalhaes.com.br\/index.php\/wp-json\/wp\/v2\/types\/post"}],"author":[{"embeddable":true,"href":"https:\/\/blogdoedvaldomagalhaes.com.br\/index.php\/wp-json\/wp\/v2\/users\/1"}],"replies":[{"embeddable":true,"href":"https:\/\/blogdoedvaldomagalhaes.com.br\/index.php\/wp-json\/wp\/v2\/comments?post=6975"}],"version-history":[{"count":1,"href":"https:\/\/blogdoedvaldomagalhaes.com.br\/index.php\/wp-json\/wp\/v2\/posts\/6975\/revisions"}],"predecessor-version":[{"id":16274,"href":"https:\/\/blogdoedvaldomagalhaes.com.br\/index.php\/wp-json\/wp\/v2\/posts\/6975\/revisions\/16274"}],"wp:attachment":[{"href":"https:\/\/blogdoedvaldomagalhaes.com.br\/index.php\/wp-json\/wp\/v2\/media?parent=6975"}],"wp:term":[{"taxonomy":"category","embeddable":true,"href":"https:\/\/blogdoedvaldomagalhaes.com.br\/index.php\/wp-json\/wp\/v2\/categories?post=6975"},{"taxonomy":"post_tag","embeddable":true,"href":"https:\/\/blogdoedvaldomagalhaes.com.br\/index.php\/wp-json\/wp\/v2\/tags?post=6975"}],"curies":[{"name":"wp","href":"https:\/\/api.w.org\/{rel}","templated":true}]}}