{"id":69738,"date":"2021-05-09T12:17:33","date_gmt":"2021-05-09T15:17:33","guid":{"rendered":"https:\/\/blogdoedvaldomagalhaes.com.br\/?p=69738"},"modified":"2021-05-09T12:17:34","modified_gmt":"2021-05-09T15:17:34","slug":"dois-homens-sao-assassinados-em-caruaru","status":"publish","type":"post","link":"https:\/\/blogdoedvaldomagalhaes.com.br\/index.php\/2021\/05\/09\/dois-homens-sao-assassinados-em-caruaru\/","title":{"rendered":"Dois homens s\u00e3o assassinados em Caruaru"},"content":{"rendered":"<p style=\"text-align: justify;\">Dois homic\u00eddios foram registrados na noite desse s\u00e1bado (08), em Caruaru. O primeiro crime de morte ocorreu no s\u00edtio Taquara de S\u00e3o Pedro, zona rural do munic\u00edpio. Um homem sem identifica\u00e7\u00e3o foi encontrado morto dentro de uma propriedade particular.<\/p>\n<p style=\"text-align: justify;\">O segundo homic\u00eddio aconteceu no bairro Santa Rosa. Cl\u00e1udio Jos\u00e9 da Silva, 29 anos, foi morto a tiros na rua Venustriano Correia. Ele j\u00e1 tinha sido preso e fazia tratamento psiqui\u00e1trico.<\/p>\n<p style=\"text-align: justify;\">Com essas duas mortes, subiu para\u00a0<strong>6<\/strong>\u00a0o n\u00famero de pessoas assassinadas neste m\u00eas de maio em Caruaru e para\u00a0<strong>39<\/strong>\u00a0de janeiro at\u00e9 agora.<\/p>\n<p>Por Helenivaldo Pereira.<\/p>\n","protected":false},"excerpt":{"rendered":"<p>Dois homic\u00eddios foram registrados na noite desse s\u00e1bado (08), em Caruaru. O primeiro crime de morte ocorreu no s\u00edtio Taquara&hellip;<\/p>\n","protected":false},"author":1,"featured_media":69739,"comment_status":"open","ping_status":"open","sticky":false,"template":"","format":"standard","meta":{"footnotes":""},"categories":[14121],"tags":[2,19532,21596,1950],"class_list":["post-69738","post","type-post","status-publish","format-standard","has-post-thumbnail","hentry","category-policial","tag-blog-do-edvaldo-magalhaes","tag-blog-mais-acessado-e-visualizado-de-caruaru-e-regiao","tag-dois-homens-sao-assassinados-em-caruaru","tag-noticias-de-caruaru"],"_links":{"self":[{"href":"https:\/\/blogdoedvaldomagalhaes.com.br\/index.php\/wp-json\/wp\/v2\/posts\/69738","targetHints":{"allow":["GET"]}}],"collection":[{"href":"https:\/\/blogdoedvaldomagalhaes.com.br\/index.php\/wp-json\/wp\/v2\/posts"}],"about":[{"href":"https:\/\/blogdoedvaldomagalhaes.com.br\/index.php\/wp-json\/wp\/v2\/types\/post"}],"author":[{"embeddable":true,"href":"https:\/\/blogdoedvaldomagalhaes.com.br\/index.php\/wp-json\/wp\/v2\/users\/1"}],"replies":[{"embeddable":true,"href":"https:\/\/blogdoedvaldomagalhaes.com.br\/index.php\/wp-json\/wp\/v2\/comments?post=69738"}],"version-history":[{"count":1,"href":"https:\/\/blogdoedvaldomagalhaes.com.br\/index.php\/wp-json\/wp\/v2\/posts\/69738\/revisions"}],"predecessor-version":[{"id":69740,"href":"https:\/\/blogdoedvaldomagalhaes.com.br\/index.php\/wp-json\/wp\/v2\/posts\/69738\/revisions\/69740"}],"wp:featuredmedia":[{"embeddable":true,"href":"https:\/\/blogdoedvaldomagalhaes.com.br\/index.php\/wp-json\/wp\/v2\/media\/69739"}],"wp:attachment":[{"href":"https:\/\/blogdoedvaldomagalhaes.com.br\/index.php\/wp-json\/wp\/v2\/media?parent=69738"}],"wp:term":[{"taxonomy":"category","embeddable":true,"href":"https:\/\/blogdoedvaldomagalhaes.com.br\/index.php\/wp-json\/wp\/v2\/categories?post=69738"},{"taxonomy":"post_tag","embeddable":true,"href":"https:\/\/blogdoedvaldomagalhaes.com.br\/index.php\/wp-json\/wp\/v2\/tags?post=69738"}],"curies":[{"name":"wp","href":"https:\/\/api.w.org\/{rel}","templated":true}]}}