{"id":69734,"date":"2021-05-09T11:56:39","date_gmt":"2021-05-09T14:56:39","guid":{"rendered":"https:\/\/blogdoedvaldomagalhaes.com.br\/?p=69734"},"modified":"2021-05-09T11:56:40","modified_gmt":"2021-05-09T14:56:40","slug":"carro-aquaplanou-e-colidiu-em-um-poste-que-caiu-sobre-a-br-101-em-pernambuco","status":"publish","type":"post","link":"https:\/\/blogdoedvaldomagalhaes.com.br\/index.php\/2021\/05\/09\/carro-aquaplanou-e-colidiu-em-um-poste-que-caiu-sobre-a-br-101-em-pernambuco\/","title":{"rendered":"Carro aquaplanou e colidiu em um poste que caiu sobre a BR 101 em Pernambuco"},"content":{"rendered":"<p style=\"text-align: justify;\">Ocorreu um acidente por volta das 10h30 no Km 70 da BR 101, no Curado, no sentido Paulista.<\/p>\n<p style=\"text-align: justify;\">A pista estava molhada quando o motorista de um carro perdeu o controle do ve\u00edculo, aquaplanou e colidiu a parte do tr\u00e1s do ve\u00edculo em um poste, que caiu sobre a rodovia.<\/p>\n<p style=\"text-align: justify;\">Aparentemente ningu\u00e9m ficou ferido no acidente, mas a passageira apresentou *suspeita* de um AVC. Ela foi socorrida para um hospital particular (Hapvida).<\/p>\n<p style=\"text-align: justify;\">O motorista realizou o teste do baf\u00f4metro e o resultado foi normal.<\/p>\n<p style=\"text-align: justify;\">O poste est\u00e1 na faixa da esquerda da rodovia e h\u00e1 cerca de 3 km de congestionamento.<\/p>\n<p style=\"text-align: justify;\">A Celpe foi acionada para ir ao local.<\/p>\n\n\n<figure class=\"wp-block-image size-large\"><img loading=\"lazy\" decoding=\"async\" width=\"1024\" height=\"576\" src=\"https:\/\/blogdoedvaldomagalhaes.com.br\/wp-content\/uploads\/2021\/05\/IMG-20210509-WA0046-1024x576.jpg\" alt=\"\" class=\"wp-image-69736\" srcset=\"https:\/\/blogdoedvaldomagalhaes.com.br\/wp-content\/uploads\/2021\/05\/IMG-20210509-WA0046-1024x576.jpg 1024w, https:\/\/blogdoedvaldomagalhaes.com.br\/wp-content\/uploads\/2021\/05\/IMG-20210509-WA0046-300x169.jpg 300w, https:\/\/blogdoedvaldomagalhaes.com.br\/wp-content\/uploads\/2021\/05\/IMG-20210509-WA0046-768x432.jpg 768w, https:\/\/blogdoedvaldomagalhaes.com.br\/wp-content\/uploads\/2021\/05\/IMG-20210509-WA0046-1140x641.jpg 1140w, https:\/\/blogdoedvaldomagalhaes.com.br\/wp-content\/uploads\/2021\/05\/IMG-20210509-WA0046-720x405.jpg 720w, https:\/\/blogdoedvaldomagalhaes.com.br\/wp-content\/uploads\/2021\/05\/IMG-20210509-WA0046.jpg 1280w\" sizes=\"auto, (max-width: 1024px) 100vw, 1024px\" \/><figcaption>Fotos: PRF\/Divulga\u00e7\u00e3o<\/figcaption><\/figure>\n","protected":false},"excerpt":{"rendered":"<p>Ocorreu um acidente por volta das 10h30 no Km 70 da BR 101, no Curado, no sentido Paulista. A pista&hellip;<\/p>\n","protected":false},"author":1,"featured_media":69735,"comment_status":"open","ping_status":"open","sticky":false,"template":"","format":"standard","meta":{"footnotes":""},"categories":[14120],"tags":[14276,2,19532,21595,6],"class_list":["post-69734","post","type-post","status-publish","format-standard","has-post-thumbnail","hentry","category-noticias","tag-acidente","tag-blog-do-edvaldo-magalhaes","tag-blog-mais-acessado-e-visualizado-de-caruaru-e-regiao","tag-carro-aquaplanou-e-colidiu-em-um-poste-que-caiu-sobre-a-br-101-em-pernambuco","tag-noticias"],"_links":{"self":[{"href":"https:\/\/blogdoedvaldomagalhaes.com.br\/index.php\/wp-json\/wp\/v2\/posts\/69734","targetHints":{"allow":["GET"]}}],"collection":[{"href":"https:\/\/blogdoedvaldomagalhaes.com.br\/index.php\/wp-json\/wp\/v2\/posts"}],"about":[{"href":"https:\/\/blogdoedvaldomagalhaes.com.br\/index.php\/wp-json\/wp\/v2\/types\/post"}],"author":[{"embeddable":true,"href":"https:\/\/blogdoedvaldomagalhaes.com.br\/index.php\/wp-json\/wp\/v2\/users\/1"}],"replies":[{"embeddable":true,"href":"https:\/\/blogdoedvaldomagalhaes.com.br\/index.php\/wp-json\/wp\/v2\/comments?post=69734"}],"version-history":[{"count":1,"href":"https:\/\/blogdoedvaldomagalhaes.com.br\/index.php\/wp-json\/wp\/v2\/posts\/69734\/revisions"}],"predecessor-version":[{"id":69737,"href":"https:\/\/blogdoedvaldomagalhaes.com.br\/index.php\/wp-json\/wp\/v2\/posts\/69734\/revisions\/69737"}],"wp:featuredmedia":[{"embeddable":true,"href":"https:\/\/blogdoedvaldomagalhaes.com.br\/index.php\/wp-json\/wp\/v2\/media\/69735"}],"wp:attachment":[{"href":"https:\/\/blogdoedvaldomagalhaes.com.br\/index.php\/wp-json\/wp\/v2\/media?parent=69734"}],"wp:term":[{"taxonomy":"category","embeddable":true,"href":"https:\/\/blogdoedvaldomagalhaes.com.br\/index.php\/wp-json\/wp\/v2\/categories?post=69734"},{"taxonomy":"post_tag","embeddable":true,"href":"https:\/\/blogdoedvaldomagalhaes.com.br\/index.php\/wp-json\/wp\/v2\/tags?post=69734"}],"curies":[{"name":"wp","href":"https:\/\/api.w.org\/{rel}","templated":true}]}}