{"id":6973,"date":"2017-01-24T23:54:00","date_gmt":"2017-01-25T01:54:00","guid":{"rendered":"http:\/\/blogdoedvaldomagalhaes.com.br\/index.php\/2017\/01\/24\/central-definido-para-o-jogo-da\/"},"modified":"2019-02-09T01:14:44","modified_gmt":"2019-02-09T03:14:44","slug":"central-definido-para-o-jogo-da","status":"publish","type":"post","link":"https:\/\/blogdoedvaldomagalhaes.com.br\/index.php\/2017\/01\/24\/central-definido-para-o-jogo-da\/","title":{"rendered":"Central definido para o jogo da classifica\u00e7\u00e3o contra o Flamengo de Arcoverde no Vera Cruz"},"content":{"rendered":"<div class=\"separator\" style=\"clear: both; text-align: center;\">\n<a href=\"https:\/\/1.bp.blogspot.com\/-RszXlQo6408\/WIfnPN3oo3I\/AAAAAAAAOBY\/JIgVOOdLgvg6Ck6ySS9g7y5LGKRdjoQAACLcB\/s1600\/medson.jpg\" imageanchor=\"1\" style=\"margin-left: 1em; margin-right: 1em;\"><img loading=\"lazy\" decoding=\"async\" border=\"0\" height=\"225\" src=\"http:\/\/blogdoedvaldomagalhaes.com.br\/wp-content\/uploads\/2017\/01\/medson.jpg\" width=\"400\" \/><\/a><\/div>\n<div class=\"separator\" style=\"clear: both; text-align: center;\">\nFoto: Medson Magno<\/div>\n<div align=\"justify\" style=\"background-color: white;\">\n<\/div>\n<div style=\"background-color: white; text-align: justify;\">\nO Central de Caruaru enfrenta o Flamengo de Arcoverde, nesta quarta-feira (25), no Est\u00e1dio Ant\u00f4nio In\u00e1cio de Souza (Vera Cruz), em Caruaru. O t\u00e9cnico Laelson Lima comandou um coletivo nesta ter\u00e7a-feira (24), no Vera Cruz.<\/div>\n<div style=\"background-color: white; text-align: justify;\">\n<\/div>\n<div style=\"background-color: white; text-align: justify;\">\nO treinador escalou a equiipe com: Murilo; Baiano, Marlon Ventura, Thomaz e Altemar; Everton Hora, Vagner Rosa, Kleitinho e A\u00edlton; Anderson Lessa e Robinho.<\/div>\n<div style=\"background-color: white; text-align: justify;\">\n<\/div>\n<div style=\"background-color: white; text-align: justify;\">\nA Patativa ter\u00e1 dois desfalques: o zagueiro Everton Moura, que est\u00e1 entregue ao departamento m\u00e9dico e o meia David Manteiga, que est\u00e1 suspenso, em seus lugares v\u00e3o entrar &nbsp;respectivamente, Thomaz e Ailton, este \u00faltimo volta ao time ap\u00f3s se recuperar de contus\u00e3o.<\/p>\n<p><\/p>\n<div class=\"MsoNormal\" style=\"text-align: justify;\">\nO Central poder\u00e1 ganhar dois importantes refor\u00e7os a partir desta quinta-feira (26), que s\u00e3o o volante Naldinho, de 26 anos e o meia J\u00fanior Xuxa de 32 anos, que podem acertar com a Patativa para a disputa do segundo turno do PE 2017. Ambos v\u00e3o come\u00e7ar a treinar com o grupo a partir da quinta-feira, ap\u00f3s o Central confirmar a classifica\u00e7\u00e3o para a pr\u00f3xima fase do Estadual.<\/div>\n<div class=\"MsoNormal\" style=\"text-align: justify;\">\n<\/div>\n<div class=\"MsoNormal\" style=\"text-align: justify;\">\nNaldinho, foi uma das grandes revela\u00e7\u00f5es do Porto, jogou a S\u00e9rie D de 2010 pelo pr\u00f3prio Central, voltou ao Porto, se destacou, foi vendido ao Sport, foi pego no antidoping e ficou dois anos sem poder jogar futebol, voltando em 2016 onde teve uma passagem pelo ABC. J\u00e1 J\u00fanior Xuxa \u00e9 um namoro antigo do clube.<\/div>\n<div align=\"justify\" class=\"MsoNormal\" style=\"color: #333333; font-family: &quot;Trebuchet MS&quot;, Arial; font-size: 14px;\">\n<\/div>\n<div class=\"separator\" style=\"clear: both; text-align: center;\">\n<a href=\"https:\/\/1.bp.blogspot.com\/-i712JmEC2Y0\/WIfsAYV6vdI\/AAAAAAAAOBk\/uJ29QJa3Bs4BWNvb94f8NTEfRnujRSe6gCLcB\/s1600\/vera.jpg\" imageanchor=\"1\" style=\"margin-left: 1em; margin-right: 1em;\"><img loading=\"lazy\" decoding=\"async\" border=\"0\" height=\"400\" src=\"http:\/\/blogdoedvaldomagalhaes.com.br\/wp-content\/uploads\/2017\/01\/vera.jpg\" width=\"225\" \/><\/a><\/div>\n<div class=\"separator\" style=\"clear: both; text-align: center;\">\nIlumina\u00e7\u00e3o do Vera Cruz preparada<\/div>\n<div class=\"separator\" style=\"clear: both; text-align: center;\">\n<\/div>\n<div class=\"separator\" style=\"clear: both; text-align: justify;\">\nA 7\u00aa e \u00faltima rodada da 1\u00aa fase do Campeonato Pernambucano da S\u00e9rie A1 programa quatro jogos nesta quarta-feira (25). Confira:&nbsp;<\/div>\n<div class=\"separator\" style=\"clear: both; text-align: justify;\">\n<\/div>\n<div class=\"separator\" style=\"clear: both; text-align: justify;\">\nAm\u00e9rica x Belo Jardim. \u00c1rbitro: Pericles Bassols, Assistente N\u00ba1: Cl\u00f3vis Amaral e Assistente N\u00ba2: &nbsp;Ricardo Chianca. Quarto \u00c1rbitro: Luciano Castro<\/div>\n<div class=\"separator\" style=\"clear: both; text-align: justify;\">\n<\/div>\n<div class=\"separator\" style=\"clear: both; text-align: justify;\">\nSerra Talhada x Afogados da Ingazeira. \u00c1rbitro: Giorgio Wilton. Assistente N\u00ba1: Ailton Jos\u00e9 e Assistente N\u00ba2: Marcelino Castro. Quarto \u00c1rbitro: Gleydson Leite<\/div>\n<div class=\"separator\" style=\"clear: both; text-align: justify;\">\n<\/div>\n<div class=\"separator\" style=\"clear: both; text-align: justify;\">\nVit\u00f3ria x Salgueiro. \u00c1rbitro: Emerson Sobral, Assistente N\u00ba1: Cleberson Nascimento e Assistente N\u00ba2: Gilberto Freire. Quarto \u00c1rbitro: Luiz Sobral&nbsp;<\/div>\n<div class=\"separator\" style=\"clear: both; text-align: justify;\">\n<\/div>\n<div class=\"separator\" style=\"clear: both; text-align: justify;\">\nCentral x Flamengo de Arcoverde. \u00c1rbitro: Marcelo de Lima Henrique, Assistente N\u00ba1: Albert J\u00fanior e Assistente N\u00ba2: Fabr\u00edcio Leite. Quarto \u00c1rbitro: Anderson Freitas.<\/div>\n<p><\/div>\n","protected":false},"excerpt":{"rendered":"<p>Foto: Medson Magno O Central de Caruaru enfrenta o Flamengo de Arcoverde, nesta quarta-feira (25), no Est\u00e1dio Ant\u00f4nio In\u00e1cio de&hellip;<\/p>\n","protected":false},"author":1,"featured_media":0,"comment_status":"open","ping_status":"open","sticky":false,"template":"","format":"standard","meta":{"footnotes":""},"categories":[1],"tags":[2,9569,3,8970],"class_list":["post-6973","post","type-post","status-publish","format-standard","hentry","category-sem-categoria","tag-blog-do-edvaldo-magalhaes","tag-central-definido-para-o-jogo-da-classificacao-contra-o-flamengo-de-arcoverde-no-vera-cruz","tag-futebol","tag-laelson-lima"],"_links":{"self":[{"href":"https:\/\/blogdoedvaldomagalhaes.com.br\/index.php\/wp-json\/wp\/v2\/posts\/6973","targetHints":{"allow":["GET"]}}],"collection":[{"href":"https:\/\/blogdoedvaldomagalhaes.com.br\/index.php\/wp-json\/wp\/v2\/posts"}],"about":[{"href":"https:\/\/blogdoedvaldomagalhaes.com.br\/index.php\/wp-json\/wp\/v2\/types\/post"}],"author":[{"embeddable":true,"href":"https:\/\/blogdoedvaldomagalhaes.com.br\/index.php\/wp-json\/wp\/v2\/users\/1"}],"replies":[{"embeddable":true,"href":"https:\/\/blogdoedvaldomagalhaes.com.br\/index.php\/wp-json\/wp\/v2\/comments?post=6973"}],"version-history":[{"count":1,"href":"https:\/\/blogdoedvaldomagalhaes.com.br\/index.php\/wp-json\/wp\/v2\/posts\/6973\/revisions"}],"predecessor-version":[{"id":16279,"href":"https:\/\/blogdoedvaldomagalhaes.com.br\/index.php\/wp-json\/wp\/v2\/posts\/6973\/revisions\/16279"}],"wp:attachment":[{"href":"https:\/\/blogdoedvaldomagalhaes.com.br\/index.php\/wp-json\/wp\/v2\/media?parent=6973"}],"wp:term":[{"taxonomy":"category","embeddable":true,"href":"https:\/\/blogdoedvaldomagalhaes.com.br\/index.php\/wp-json\/wp\/v2\/categories?post=6973"},{"taxonomy":"post_tag","embeddable":true,"href":"https:\/\/blogdoedvaldomagalhaes.com.br\/index.php\/wp-json\/wp\/v2\/tags?post=6973"}],"curies":[{"name":"wp","href":"https:\/\/api.w.org\/{rel}","templated":true}]}}