{"id":6972,"date":"2017-01-25T00:20:00","date_gmt":"2017-01-25T02:20:00","guid":{"rendered":"http:\/\/blogdoedvaldomagalhaes.com.br\/index.php\/2017\/01\/25\/nautico-goleia-uniclinic-ce-na-estreia\/"},"modified":"2019-02-09T01:14:44","modified_gmt":"2019-02-09T03:14:44","slug":"nautico-goleia-uniclinic-ce-na-estreia","status":"publish","type":"post","link":"https:\/\/blogdoedvaldomagalhaes.com.br\/index.php\/2017\/01\/25\/nautico-goleia-uniclinic-ce-na-estreia\/","title":{"rendered":"N\u00e1utico goleia Uniclinic-CE na estreia da Copa do Nordeste e acerta com lateral"},"content":{"rendered":"<div class=\"separator\" style=\"clear: both; text-align: center;\">\n<a href=\"https:\/\/2.bp.blogspot.com\/-TE2sixcPR9Y\/WIftoP9Vw1I\/AAAAAAAAOBw\/hBqtmCMJHro0uSk8fcNDbBlZR1j8-B4IwCLcB\/s1600\/nautico.jpg\" imageanchor=\"1\" style=\"margin-left: 1em; margin-right: 1em;\"><img loading=\"lazy\" decoding=\"async\" border=\"0\" height=\"266\" src=\"http:\/\/blogdoedvaldomagalhaes.com.br\/wp-content\/uploads\/2017\/01\/nautico.jpg\" width=\"400\" \/><\/a><\/div>\n<div class=\"separator\" style=\"clear: both; text-align: center;\">\nFoto: Genival Fernandes<\/div>\n<div class=\"separator\" style=\"clear: both; text-align: justify;\">\n<\/div>\n<div class=\"separator\" style=\"clear: both; text-align: justify;\">\nO N\u00e1utico come\u00e7ou bem o ano de 2017, com um \u00f3timo resultado, nesta ter\u00e7a-feira (24), na Arena de Pernambuco, o Timbu fez 4&nbsp;a 0 no Uniclinic-CE, na abertura da Copa do Nordeste. O destaque foi Jefferson Nem, que marcou duas vezes, Giva e Juninho completaram o placar. P\u00fablico de 2.410 pessoas. Renda: R$ 26.615,00.<\/div>\n<div class=\"separator\" style=\"clear: both; text-align: justify;\">\n<\/div>\n<div style=\"background-color: white; border: 0px; line-height: 23px; list-style: none; margin-bottom: 30px; outline: 0px; padding: 0px; text-align: justify; vertical-align: baseline;\">\nN\u00e1utico venceu com: Tiago Cardoso, Joazi, Tiago Alves, P\u00e1scoa e Manoel; Jo\u00e3o Ananias, Rodrigo Souza, Cal e J. Renan; Giva (Juninho) e Jefferson Nem. T\u00e9cnico: Dado Cavalcanti.<\/div>\n<div style=\"background-color: white; border: 0px; line-height: 23px; list-style: none; margin-bottom: 30px; outline: 0px; padding: 0px; text-align: justify; vertical-align: baseline;\">\nUniclinic\/CE perdeu com: Dionantan, Lima (Vaninho), Luiz Fernando, Domingos e Anderson Sobral; Guidio, Leylon, Lincol e Teles (Preto); Netinho e Edson Carius. T\u00e9cnico: Wladimir de Jesus.&nbsp;<\/div>\n<div style=\"background-color: white; border: 0px; line-height: 23px; list-style: none; margin-bottom: 30px; outline: 0px; padding: 0px; text-align: justify; vertical-align: baseline;\">\n\u00c1rbitro: Claudio Francisco Lima Silva (SE). Assistentes: Ailton Farias da Silva (SE) e Daniel Vidal Pimentel (SE).<\/div>\n<div style=\"box-sizing: border-box; letter-spacing: 0.1px; line-height: 1.5em; margin-bottom: 1em; text-align: justify;\">\nNa segunda rodada da competi\u00e7\u00e3o regional, o N\u00e1utico encara o Santa Cruz, fora de casa, em cl\u00e1ssico pernambucano. O Uniclinic, por sua vez, recebe o Campinense, atual vice-campe\u00e3o da Copa do Nordeste.<\/div>\n<div style=\"box-sizing: border-box; letter-spacing: 0.1px; line-height: 1.5em; margin-bottom: 1em; text-align: justify;\">\nO lateral esquerdo Giovanni, ex-Fluminense, deve defender o N\u00e1utico em 2017. O jogador, de 27 anos, j\u00e1 est\u00e1 em Recife para fazer exames m\u00e9dicos e assinar contrato com o Timbu.<\/div>\n<div style=\"text-align: justify;\">\n<\/div>\n","protected":false},"excerpt":{"rendered":"<p>Foto: Genival Fernandes O N\u00e1utico come\u00e7ou bem o ano de 2017, com um \u00f3timo resultado, nesta ter\u00e7a-feira (24), na Arena&hellip;<\/p>\n","protected":false},"author":1,"featured_media":0,"comment_status":"open","ping_status":"open","sticky":false,"template":"","format":"standard","meta":{"footnotes":""},"categories":[1],"tags":[2736,2,3,9566,9567,9568,3983],"class_list":["post-6972","post","type-post","status-publish","format-standard","hentry","category-sem-categoria","tag-arena-de-pernambuco","tag-blog-do-edvaldo-magalhaes","tag-futebol","tag-giva","tag-jefferson-nem","tag-nautico-goleia-uniclinic-ce-na-estreia-da-copa-do-nordeste-e-acerta-com-lateral","tag-recife"],"_links":{"self":[{"href":"https:\/\/blogdoedvaldomagalhaes.com.br\/index.php\/wp-json\/wp\/v2\/posts\/6972","targetHints":{"allow":["GET"]}}],"collection":[{"href":"https:\/\/blogdoedvaldomagalhaes.com.br\/index.php\/wp-json\/wp\/v2\/posts"}],"about":[{"href":"https:\/\/blogdoedvaldomagalhaes.com.br\/index.php\/wp-json\/wp\/v2\/types\/post"}],"author":[{"embeddable":true,"href":"https:\/\/blogdoedvaldomagalhaes.com.br\/index.php\/wp-json\/wp\/v2\/users\/1"}],"replies":[{"embeddable":true,"href":"https:\/\/blogdoedvaldomagalhaes.com.br\/index.php\/wp-json\/wp\/v2\/comments?post=6972"}],"version-history":[{"count":1,"href":"https:\/\/blogdoedvaldomagalhaes.com.br\/index.php\/wp-json\/wp\/v2\/posts\/6972\/revisions"}],"predecessor-version":[{"id":16281,"href":"https:\/\/blogdoedvaldomagalhaes.com.br\/index.php\/wp-json\/wp\/v2\/posts\/6972\/revisions\/16281"}],"wp:attachment":[{"href":"https:\/\/blogdoedvaldomagalhaes.com.br\/index.php\/wp-json\/wp\/v2\/media?parent=6972"}],"wp:term":[{"taxonomy":"category","embeddable":true,"href":"https:\/\/blogdoedvaldomagalhaes.com.br\/index.php\/wp-json\/wp\/v2\/categories?post=6972"},{"taxonomy":"post_tag","embeddable":true,"href":"https:\/\/blogdoedvaldomagalhaes.com.br\/index.php\/wp-json\/wp\/v2\/tags?post=6972"}],"curies":[{"name":"wp","href":"https:\/\/api.w.org\/{rel}","templated":true}]}}