{"id":69719,"date":"2021-05-08T20:32:31","date_gmt":"2021-05-08T23:32:31","guid":{"rendered":"https:\/\/blogdoedvaldomagalhaes.com.br\/?p=69719"},"modified":"2021-05-08T20:32:32","modified_gmt":"2021-05-08T23:32:32","slug":"avo-e-preso-em-caruaru-suspeito-de-estuprar-a-propria-neta-de-5-anos","status":"publish","type":"post","link":"https:\/\/blogdoedvaldomagalhaes.com.br\/index.php\/2021\/05\/08\/avo-e-preso-em-caruaru-suspeito-de-estuprar-a-propria-neta-de-5-anos\/","title":{"rendered":"Av\u00f4 \u00e9 preso em Caruaru suspeito de estuprar a pr\u00f3pria neta de 5 anos"},"content":{"rendered":"<p style=\"text-align: justify;\">A Pol\u00edcia Militar prendeu em Caruaru,\u00a0um homem suspeito de estuprar uma neta de 5 anos. Uma m\u00e9dica da UPA do bairro do Salgado informou aos policiais da Patrulha Maria da Penha que a crian\u00e7a tinha ferimentos em suas partes \u00edntimas.<\/p>\n<p style=\"text-align: justify;\">Diante das informa\u00e7\u00f5es, policiais foram at\u00e9 um s\u00edtio na zona rural de Caruaru e prenderam o suspeito, que estava em um bar. Ele tem 58 anos, foi autuado em flagrante pelo crime de estupro e ser\u00e1 apresentado em audi\u00eancia de cust\u00f3dia.<\/p>\n<p>Por Helenivaldo Pereira.<\/p>\n<p>Foto ilustrativa: Reprodu\u00e7\u00e3o\/Internet.<\/p>\n","protected":false},"excerpt":{"rendered":"<p>A Pol\u00edcia Militar prendeu em Caruaru,\u00a0um homem suspeito de estuprar uma neta de 5 anos. Uma m\u00e9dica da UPA do&hellip;<\/p>\n","protected":false},"author":1,"featured_media":69720,"comment_status":"open","ping_status":"open","sticky":false,"template":"","format":"standard","meta":{"footnotes":""},"categories":[14121],"tags":[21593,2,19532,1950],"class_list":["post-69719","post","type-post","status-publish","format-standard","has-post-thumbnail","hentry","category-policial","tag-avo-e-preso-em-caruaru-suspeito-de-estuprar-a-propria-neta-de-5-anos","tag-blog-do-edvaldo-magalhaes","tag-blog-mais-acessado-e-visualizado-de-caruaru-e-regiao","tag-noticias-de-caruaru"],"_links":{"self":[{"href":"https:\/\/blogdoedvaldomagalhaes.com.br\/index.php\/wp-json\/wp\/v2\/posts\/69719","targetHints":{"allow":["GET"]}}],"collection":[{"href":"https:\/\/blogdoedvaldomagalhaes.com.br\/index.php\/wp-json\/wp\/v2\/posts"}],"about":[{"href":"https:\/\/blogdoedvaldomagalhaes.com.br\/index.php\/wp-json\/wp\/v2\/types\/post"}],"author":[{"embeddable":true,"href":"https:\/\/blogdoedvaldomagalhaes.com.br\/index.php\/wp-json\/wp\/v2\/users\/1"}],"replies":[{"embeddable":true,"href":"https:\/\/blogdoedvaldomagalhaes.com.br\/index.php\/wp-json\/wp\/v2\/comments?post=69719"}],"version-history":[{"count":1,"href":"https:\/\/blogdoedvaldomagalhaes.com.br\/index.php\/wp-json\/wp\/v2\/posts\/69719\/revisions"}],"predecessor-version":[{"id":69721,"href":"https:\/\/blogdoedvaldomagalhaes.com.br\/index.php\/wp-json\/wp\/v2\/posts\/69719\/revisions\/69721"}],"wp:featuredmedia":[{"embeddable":true,"href":"https:\/\/blogdoedvaldomagalhaes.com.br\/index.php\/wp-json\/wp\/v2\/media\/69720"}],"wp:attachment":[{"href":"https:\/\/blogdoedvaldomagalhaes.com.br\/index.php\/wp-json\/wp\/v2\/media?parent=69719"}],"wp:term":[{"taxonomy":"category","embeddable":true,"href":"https:\/\/blogdoedvaldomagalhaes.com.br\/index.php\/wp-json\/wp\/v2\/categories?post=69719"},{"taxonomy":"post_tag","embeddable":true,"href":"https:\/\/blogdoedvaldomagalhaes.com.br\/index.php\/wp-json\/wp\/v2\/tags?post=69719"}],"curies":[{"name":"wp","href":"https:\/\/api.w.org\/{rel}","templated":true}]}}