{"id":69716,"date":"2021-05-08T20:17:29","date_gmt":"2021-05-08T23:17:29","guid":{"rendered":"https:\/\/blogdoedvaldomagalhaes.com.br\/?p=69716"},"modified":"2021-05-08T20:42:44","modified_gmt":"2021-05-08T23:42:44","slug":"fiscalizacao-sanitaria-em-festa-irregular-conduz-32-integrantes-de-torcida-para-a-delegacia","status":"publish","type":"post","link":"https:\/\/blogdoedvaldomagalhaes.com.br\/index.php\/2021\/05\/08\/fiscalizacao-sanitaria-em-festa-irregular-conduz-32-integrantes-de-torcida-para-a-delegacia\/","title":{"rendered":"Fiscaliza\u00e7\u00e3o sanit\u00e1ria em festa irregular conduz 32 integrantes de torcida para a Delegacia"},"content":{"rendered":"<p style=\"text-align: justify;\"><span style=\"font-size: inherit;\">Em uma a\u00e7\u00e3o da Pol\u00edcia Militar e Corpo de Bombeiros, 32 integrantes de uma torcida clandestina foram conduzidos para a Delegacia de Boa Viagem. Ap\u00f3s den\u00fancia, bombeiros, BPChoque, Rocam e BPTran foram acionados. Por volta das 16h de hoje (08), chegaram ao local, um estabelecimento na Rua da Lama, bairro do Prado, Recife, e constataram a festa irregular, com equipamento de som, contrariado as determina\u00e7\u00f5es sanit\u00e1rias em vigor. Grande parte das pessoas estavam sem m\u00e1scara de prote\u00e7\u00e3o. Na abordagem<\/span><span style=\"font-size: inherit;\">, foram encontrados 16 inv\u00f3lucros de droga, possivelmente coca\u00edna, que ser\u00e1 periciada pelo Instituto de Criminal\u00edstica.<\/span><\/p>\n<p style=\"text-align: justify;\">\u201cOs organizadores informaram que era uma festa de reuni\u00e3o da chamada velha guarda dessa organiza\u00e7\u00e3o, com o objetivo de angariar recursos para sua manuten\u00e7\u00e3o\u201d, explicou o 1\u00ba tenente Neilson Adri\u00e3o, do BPChoque.<\/p>\n<p style=\"text-align: justify;\">Por decis\u00e3o judicial, tomada ap\u00f3s trabalho do Grupo de Trabalho (GT) Futebol, que re\u00fane seguran\u00e7a p\u00fablica e \u00f3rg\u00e3os de todos os poderes, tr\u00eas das maiores torcidas chamadas organizadas do Estado foram tornadas ilegais. A torcida Jovem, alvo da a\u00e7\u00e3o, agora est\u00e1 usando o nome fantasia \u201clampi\u00f5es\u201d, como forma de driblar a lei.<\/p>\n\n\n<figure class=\"wp-block-image size-large\"><img loading=\"lazy\" decoding=\"async\" width=\"766\" height=\"1024\" src=\"https:\/\/blogdoedvaldomagalhaes.com.br\/wp-content\/uploads\/2021\/05\/IMG-20210508-WA0078-766x1024.jpg\" alt=\"\" class=\"wp-image-69722\" srcset=\"https:\/\/blogdoedvaldomagalhaes.com.br\/wp-content\/uploads\/2021\/05\/IMG-20210508-WA0078-766x1024.jpg 766w, https:\/\/blogdoedvaldomagalhaes.com.br\/wp-content\/uploads\/2021\/05\/IMG-20210508-WA0078-225x300.jpg 225w, https:\/\/blogdoedvaldomagalhaes.com.br\/wp-content\/uploads\/2021\/05\/IMG-20210508-WA0078-768x1026.jpg 768w, https:\/\/blogdoedvaldomagalhaes.com.br\/wp-content\/uploads\/2021\/05\/IMG-20210508-WA0078.jpg 958w\" sizes=\"auto, (max-width: 766px) 100vw, 766px\" \/><\/figure>\n\n\n\n<figure class=\"wp-block-image size-large\"><img loading=\"lazy\" decoding=\"async\" width=\"766\" height=\"1024\" src=\"https:\/\/blogdoedvaldomagalhaes.com.br\/wp-content\/uploads\/2021\/05\/IMG-20210508-WA0077.jpg\" alt=\"\" class=\"wp-image-69723\" srcset=\"https:\/\/blogdoedvaldomagalhaes.com.br\/wp-content\/uploads\/2021\/05\/IMG-20210508-WA0077.jpg 766w, https:\/\/blogdoedvaldomagalhaes.com.br\/wp-content\/uploads\/2021\/05\/IMG-20210508-WA0077-224x300.jpg 224w\" sizes=\"auto, (max-width: 766px) 100vw, 766px\" \/><figcaption>Fotos: PMPE\/Divulga\u00e7\u00e3o<\/figcaption><\/figure>\n","protected":false},"excerpt":{"rendered":"<p>Em uma a\u00e7\u00e3o da Pol\u00edcia Militar e Corpo de Bombeiros, 32 integrantes de uma torcida clandestina foram conduzidos para a&hellip;<\/p>\n","protected":false},"author":1,"featured_media":69717,"comment_status":"open","ping_status":"open","sticky":false,"template":"","format":"standard","meta":{"footnotes":""},"categories":[14121],"tags":[2,19532,21592,6],"class_list":["post-69716","post","type-post","status-publish","format-standard","has-post-thumbnail","hentry","category-policial","tag-blog-do-edvaldo-magalhaes","tag-blog-mais-acessado-e-visualizado-de-caruaru-e-regiao","tag-fiscalizacao-sanitaria-em-festa-irregular-conduz-32-integrantes-de-torcida-para-a-delegacia","tag-noticias"],"_links":{"self":[{"href":"https:\/\/blogdoedvaldomagalhaes.com.br\/index.php\/wp-json\/wp\/v2\/posts\/69716","targetHints":{"allow":["GET"]}}],"collection":[{"href":"https:\/\/blogdoedvaldomagalhaes.com.br\/index.php\/wp-json\/wp\/v2\/posts"}],"about":[{"href":"https:\/\/blogdoedvaldomagalhaes.com.br\/index.php\/wp-json\/wp\/v2\/types\/post"}],"author":[{"embeddable":true,"href":"https:\/\/blogdoedvaldomagalhaes.com.br\/index.php\/wp-json\/wp\/v2\/users\/1"}],"replies":[{"embeddable":true,"href":"https:\/\/blogdoedvaldomagalhaes.com.br\/index.php\/wp-json\/wp\/v2\/comments?post=69716"}],"version-history":[{"count":2,"href":"https:\/\/blogdoedvaldomagalhaes.com.br\/index.php\/wp-json\/wp\/v2\/posts\/69716\/revisions"}],"predecessor-version":[{"id":69725,"href":"https:\/\/blogdoedvaldomagalhaes.com.br\/index.php\/wp-json\/wp\/v2\/posts\/69716\/revisions\/69725"}],"wp:featuredmedia":[{"embeddable":true,"href":"https:\/\/blogdoedvaldomagalhaes.com.br\/index.php\/wp-json\/wp\/v2\/media\/69717"}],"wp:attachment":[{"href":"https:\/\/blogdoedvaldomagalhaes.com.br\/index.php\/wp-json\/wp\/v2\/media?parent=69716"}],"wp:term":[{"taxonomy":"category","embeddable":true,"href":"https:\/\/blogdoedvaldomagalhaes.com.br\/index.php\/wp-json\/wp\/v2\/categories?post=69716"},{"taxonomy":"post_tag","embeddable":true,"href":"https:\/\/blogdoedvaldomagalhaes.com.br\/index.php\/wp-json\/wp\/v2\/tags?post=69716"}],"curies":[{"name":"wp","href":"https:\/\/api.w.org\/{rel}","templated":true}]}}