{"id":69711,"date":"2021-05-08T20:01:51","date_gmt":"2021-05-08T23:01:51","guid":{"rendered":"https:\/\/blogdoedvaldomagalhaes.com.br\/?p=69711"},"modified":"2021-05-08T20:10:37","modified_gmt":"2021-05-08T23:10:37","slug":"prefeito-morre-apos-sofrer-acidente-de-carro-em-pernambuco","status":"publish","type":"post","link":"https:\/\/blogdoedvaldomagalhaes.com.br\/index.php\/2021\/05\/08\/prefeito-morre-apos-sofrer-acidente-de-carro-em-pernambuco\/","title":{"rendered":"Prefeito morre ap\u00f3s sofrer acidente de carro em Pernambuco"},"content":{"rendered":"<p style=\"text-align: justify;\">Morreu na noite deste s\u00e1bado (8), o prefeito do munic\u00edpio de Itaquitinga, Pablo Jos\u00e9 de Oliveira Moraes, 38 anos. De acordo com as primeiras informa\u00e7\u00f5es, o gestor trafegava pela PE-052, quando perdeu o controle do ve\u00edculo, ap\u00f3s tentar desviar de uma motocicleta.<\/p>\n<p style=\"text-align: justify;\">Foto: Giro Mata Norte.<\/p>\n\n\n<figure class=\"wp-block-image size-large\"><img loading=\"lazy\" decoding=\"async\" width=\"551\" height=\"557\" src=\"https:\/\/blogdoedvaldomagalhaes.com.br\/wp-content\/uploads\/2021\/05\/img_6696-1.jpg\" alt=\"\" class=\"wp-image-69714\" srcset=\"https:\/\/blogdoedvaldomagalhaes.com.br\/wp-content\/uploads\/2021\/05\/img_6696-1.jpg 551w, https:\/\/blogdoedvaldomagalhaes.com.br\/wp-content\/uploads\/2021\/05\/img_6696-1-297x300.jpg 297w\" sizes=\"auto, (max-width: 551px) 100vw, 551px\" \/><figcaption>Pablo Jos\u00e9 de Oliveira Moraes<\/figcaption><\/figure>\n","protected":false},"excerpt":{"rendered":"<p>Morreu na noite deste s\u00e1bado (8), o prefeito do munic\u00edpio de Itaquitinga, Pablo Jos\u00e9 de Oliveira Moraes, 38 anos. De&hellip;<\/p>\n","protected":false},"author":1,"featured_media":69712,"comment_status":"open","ping_status":"open","sticky":false,"template":"","format":"standard","meta":{"footnotes":""},"categories":[14120],"tags":[14276,2,19532,6,21591],"class_list":["post-69711","post","type-post","status-publish","format-standard","has-post-thumbnail","hentry","category-noticias","tag-acidente","tag-blog-do-edvaldo-magalhaes","tag-blog-mais-acessado-e-visualizado-de-caruaru-e-regiao","tag-noticias","tag-prefeito-morre-apos-sofrer-acidente-de-carro-em-pernambuco"],"_links":{"self":[{"href":"https:\/\/blogdoedvaldomagalhaes.com.br\/index.php\/wp-json\/wp\/v2\/posts\/69711","targetHints":{"allow":["GET"]}}],"collection":[{"href":"https:\/\/blogdoedvaldomagalhaes.com.br\/index.php\/wp-json\/wp\/v2\/posts"}],"about":[{"href":"https:\/\/blogdoedvaldomagalhaes.com.br\/index.php\/wp-json\/wp\/v2\/types\/post"}],"author":[{"embeddable":true,"href":"https:\/\/blogdoedvaldomagalhaes.com.br\/index.php\/wp-json\/wp\/v2\/users\/1"}],"replies":[{"embeddable":true,"href":"https:\/\/blogdoedvaldomagalhaes.com.br\/index.php\/wp-json\/wp\/v2\/comments?post=69711"}],"version-history":[{"count":2,"href":"https:\/\/blogdoedvaldomagalhaes.com.br\/index.php\/wp-json\/wp\/v2\/posts\/69711\/revisions"}],"predecessor-version":[{"id":69715,"href":"https:\/\/blogdoedvaldomagalhaes.com.br\/index.php\/wp-json\/wp\/v2\/posts\/69711\/revisions\/69715"}],"wp:featuredmedia":[{"embeddable":true,"href":"https:\/\/blogdoedvaldomagalhaes.com.br\/index.php\/wp-json\/wp\/v2\/media\/69712"}],"wp:attachment":[{"href":"https:\/\/blogdoedvaldomagalhaes.com.br\/index.php\/wp-json\/wp\/v2\/media?parent=69711"}],"wp:term":[{"taxonomy":"category","embeddable":true,"href":"https:\/\/blogdoedvaldomagalhaes.com.br\/index.php\/wp-json\/wp\/v2\/categories?post=69711"},{"taxonomy":"post_tag","embeddable":true,"href":"https:\/\/blogdoedvaldomagalhaes.com.br\/index.php\/wp-json\/wp\/v2\/tags?post=69711"}],"curies":[{"name":"wp","href":"https:\/\/api.w.org\/{rel}","templated":true}]}}