{"id":6971,"date":"2017-01-25T00:41:00","date_gmt":"2017-01-25T02:41:00","guid":{"rendered":"http:\/\/blogdoedvaldomagalhaes.com.br\/index.php\/2017\/01\/25\/filho-de-ex-vereador-deixa-gerencia-de\/"},"modified":"2019-02-09T01:14:44","modified_gmt":"2019-02-09T03:14:44","slug":"filho-de-ex-vereador-deixa-gerencia-de","status":"publish","type":"post","link":"https:\/\/blogdoedvaldomagalhaes.com.br\/index.php\/2017\/01\/25\/filho-de-ex-vereador-deixa-gerencia-de\/","title":{"rendered":"Filho de ex-vereador  n\u00e3o \u00e9 mais Gernte de Esportes de Caruaru"},"content":{"rendered":"<div class=\"separator\" style=\"clear: both; text-align: center;\">\n<a href=\"https:\/\/3.bp.blogspot.com\/-kEo_bjuNVOw\/WIfx5qK7WpI\/AAAAAAAAOB8\/Xum6HJCyHFEjlC-XPw65ejfQaqNn7b8ggCLcB\/s1600\/ailtinho.jpg\" imageanchor=\"1\" style=\"margin-left: 1em; margin-right: 1em;\"><img loading=\"lazy\" decoding=\"async\" border=\"0\" height=\"400\" src=\"http:\/\/blogdoedvaldomagalhaes.com.br\/wp-content\/uploads\/2017\/01\/ailtinho.jpg\" width=\"340\" \/><\/a><\/div>\n<div class=\"separator\" style=\"clear: both; text-align: center;\">\nFoto: Reprodu\u00e7\u00e3o\/Facebook<\/div>\n<div class=\"separator\" style=\"clear: both; text-align: center;\">\n<\/div>\n<div class=\"separator\" style=\"clear: both; text-align: justify;\">\nAiltinho Nascimento, filho do ex-vereador Jos\u00e9 Ailton (Z\u00e9+Z\u00e9), n\u00e3o \u00e9 mais o Gerente de Esportes do Munic\u00edpio, al\u00e9m dele tamb\u00e9m saiu o Gerente de Juventude, Francisco Neto, conhecido por Chico. Os foram comunicados na \u00faltima sexta-feira (20), ambos integravam a Secretaria de Educa\u00e7\u00e3o, Esportes, Juventude, Ci\u00eancia e Tecnologia, na gest\u00e3o do ex-prefeito Jos\u00e9 Queiroz (PDT).<\/div>\n<div class=\"separator\" style=\"clear: both; text-align: justify;\">\n<\/div>\n<div class=\"separator\" style=\"clear: both; text-align: justify;\">\nCom a reforma administrativa do atual governo, a ger\u00eancia de esportes deve ser extinta.<\/div>\n","protected":false},"excerpt":{"rendered":"<p>Foto: Reprodu\u00e7\u00e3o\/Facebook Ailtinho Nascimento, filho do ex-vereador Jos\u00e9 Ailton (Z\u00e9+Z\u00e9), n\u00e3o \u00e9 mais o Gerente de Esportes do Munic\u00edpio, al\u00e9m&hellip;<\/p>\n","protected":false},"author":1,"featured_media":0,"comment_status":"open","ping_status":"open","sticky":false,"template":"","format":"standard","meta":{"footnotes":""},"categories":[1],"tags":[9562,2,9563,9564,9565,3634,20,5913],"class_list":["post-6971","post","type-post","status-publish","format-standard","hentry","category-sem-categoria","tag-ailtinho-nascimento","tag-blog-do-edvaldo-magalhaes","tag-filho-de-ex-vereador-deixa-gerencia-de-esportes-de-caruaru","tag-francisco-neto","tag-jose-qiueiroz","tag-pdt","tag-politica","tag-secretaria-de-educacao-de-caruaru"],"_links":{"self":[{"href":"https:\/\/blogdoedvaldomagalhaes.com.br\/index.php\/wp-json\/wp\/v2\/posts\/6971","targetHints":{"allow":["GET"]}}],"collection":[{"href":"https:\/\/blogdoedvaldomagalhaes.com.br\/index.php\/wp-json\/wp\/v2\/posts"}],"about":[{"href":"https:\/\/blogdoedvaldomagalhaes.com.br\/index.php\/wp-json\/wp\/v2\/types\/post"}],"author":[{"embeddable":true,"href":"https:\/\/blogdoedvaldomagalhaes.com.br\/index.php\/wp-json\/wp\/v2\/users\/1"}],"replies":[{"embeddable":true,"href":"https:\/\/blogdoedvaldomagalhaes.com.br\/index.php\/wp-json\/wp\/v2\/comments?post=6971"}],"version-history":[{"count":1,"href":"https:\/\/blogdoedvaldomagalhaes.com.br\/index.php\/wp-json\/wp\/v2\/posts\/6971\/revisions"}],"predecessor-version":[{"id":16283,"href":"https:\/\/blogdoedvaldomagalhaes.com.br\/index.php\/wp-json\/wp\/v2\/posts\/6971\/revisions\/16283"}],"wp:attachment":[{"href":"https:\/\/blogdoedvaldomagalhaes.com.br\/index.php\/wp-json\/wp\/v2\/media?parent=6971"}],"wp:term":[{"taxonomy":"category","embeddable":true,"href":"https:\/\/blogdoedvaldomagalhaes.com.br\/index.php\/wp-json\/wp\/v2\/categories?post=6971"},{"taxonomy":"post_tag","embeddable":true,"href":"https:\/\/blogdoedvaldomagalhaes.com.br\/index.php\/wp-json\/wp\/v2\/tags?post=6971"}],"curies":[{"name":"wp","href":"https:\/\/api.w.org\/{rel}","templated":true}]}}