{"id":69708,"date":"2021-05-08T19:42:55","date_gmt":"2021-05-08T22:42:55","guid":{"rendered":"https:\/\/blogdoedvaldomagalhaes.com.br\/?p=69708"},"modified":"2021-05-08T21:15:07","modified_gmt":"2021-05-09T00:15:07","slug":"pernambuco-prorroga-suspensao-de-cirurgias-eletivas-ate-o-dia-23-de-maio","status":"publish","type":"post","link":"https:\/\/blogdoedvaldomagalhaes.com.br\/index.php\/2021\/05\/08\/pernambuco-prorroga-suspensao-de-cirurgias-eletivas-ate-o-dia-23-de-maio\/","title":{"rendered":"Pernambuco prorroga suspens\u00e3o de cirurgias eletivas at\u00e9 o dia 23 de maio"},"content":{"rendered":"<p style=\"text-align: justify;\">Foi prorrogada at\u00e9 o dia 23 de maio a suspens\u00e3o das cirurgias e procedimentos eletivos que demandem interna\u00e7\u00e3o hospitalar em Pernambuco, tanto na rede p\u00fablica quanto privada. Esses s\u00e3o aqueles procedimentos agendados previamente, ou seja, n\u00e3o urgentes, mas que podem ser adiados sem preju\u00edzo \u00e0 sa\u00fade do paciente.<\/p>\n<p style=\"text-align: justify;\">O objetivo \u00e9 evitar sobrecarga nos sistemas de sa\u00fade e destinar maior n\u00famero de profissionais, leitos e insumos m\u00e9dico-hospitalares para o atendimento de pessoas diagnosticadas, ou com suspeita de infec\u00e7\u00e3o pelo novo coronav\u00edrus. Continuam mantidas as cirurgias eletivas inadi\u00e1veis, como as oncol\u00f3gicas, card\u00edacas, transplantes e procedimentos que possam causar dano permanente ao paciente em caso de adiamento, al\u00e9m das cirurgias ambulatoriais que n\u00e3o demandam internamento hospitalar.<\/p>\n<p style=\"text-align: justify;\">Al\u00e9m disso, refor\u00e7a-se que tamb\u00e9m permanece mantido o funcionamento das unidades de consult\u00f3rios, cl\u00ednicas, laborat\u00f3rios e hospitais com a realiza\u00e7\u00e3o de consultas, procedimentos diagn\u00f3sticos e terap\u00eauticos ambulatoriais, al\u00e9m dos servi\u00e7os de urg\u00eancia e emerg\u00eancia. A Secretaria Estadual de Sa\u00fade (SES) refor\u00e7a que os servidores que atuam nessas cirurgias eletivas e foram realocados para outras \u00e1reas da assist\u00eancia hospitalar ou teletrabalho ser\u00e3o mantidos nessas fun\u00e7\u00f5es.<\/p>\n","protected":false},"excerpt":{"rendered":"<p>Foi prorrogada at\u00e9 o dia 23 de maio a suspens\u00e3o das cirurgias e procedimentos eletivos que demandem interna\u00e7\u00e3o hospitalar em&hellip;<\/p>\n","protected":false},"author":1,"featured_media":69709,"comment_status":"open","ping_status":"open","sticky":false,"template":"","format":"standard","meta":{"footnotes":""},"categories":[14120],"tags":[2,19532,3140,19670,21590],"class_list":["post-69708","post","type-post","status-publish","format-standard","has-post-thumbnail","hentry","category-noticias","tag-blog-do-edvaldo-magalhaes","tag-blog-mais-acessado-e-visualizado-de-caruaru-e-regiao","tag-noticias-de-pernambuco","tag-novo-coronavirus","tag-pernambuco-prorroga-suspensao-de-cirurgias-eletivas-ate-o-dia-23-de-maio"],"_links":{"self":[{"href":"https:\/\/blogdoedvaldomagalhaes.com.br\/index.php\/wp-json\/wp\/v2\/posts\/69708","targetHints":{"allow":["GET"]}}],"collection":[{"href":"https:\/\/blogdoedvaldomagalhaes.com.br\/index.php\/wp-json\/wp\/v2\/posts"}],"about":[{"href":"https:\/\/blogdoedvaldomagalhaes.com.br\/index.php\/wp-json\/wp\/v2\/types\/post"}],"author":[{"embeddable":true,"href":"https:\/\/blogdoedvaldomagalhaes.com.br\/index.php\/wp-json\/wp\/v2\/users\/1"}],"replies":[{"embeddable":true,"href":"https:\/\/blogdoedvaldomagalhaes.com.br\/index.php\/wp-json\/wp\/v2\/comments?post=69708"}],"version-history":[{"count":1,"href":"https:\/\/blogdoedvaldomagalhaes.com.br\/index.php\/wp-json\/wp\/v2\/posts\/69708\/revisions"}],"predecessor-version":[{"id":69710,"href":"https:\/\/blogdoedvaldomagalhaes.com.br\/index.php\/wp-json\/wp\/v2\/posts\/69708\/revisions\/69710"}],"wp:featuredmedia":[{"embeddable":true,"href":"https:\/\/blogdoedvaldomagalhaes.com.br\/index.php\/wp-json\/wp\/v2\/media\/69709"}],"wp:attachment":[{"href":"https:\/\/blogdoedvaldomagalhaes.com.br\/index.php\/wp-json\/wp\/v2\/media?parent=69708"}],"wp:term":[{"taxonomy":"category","embeddable":true,"href":"https:\/\/blogdoedvaldomagalhaes.com.br\/index.php\/wp-json\/wp\/v2\/categories?post=69708"},{"taxonomy":"post_tag","embeddable":true,"href":"https:\/\/blogdoedvaldomagalhaes.com.br\/index.php\/wp-json\/wp\/v2\/tags?post=69708"}],"curies":[{"name":"wp","href":"https:\/\/api.w.org\/{rel}","templated":true}]}}