{"id":6970,"date":"2017-01-25T00:57:00","date_gmt":"2017-01-25T02:57:00","guid":{"rendered":"http:\/\/blogdoedvaldomagalhaes.com.br\/index.php\/2017\/01\/25\/ladroes-arrombam-igreja-evangelica-e\/"},"modified":"2019-02-09T01:14:45","modified_gmt":"2019-02-09T03:14:45","slug":"ladroes-arrombam-igreja-evangelica-e","status":"publish","type":"post","link":"https:\/\/blogdoedvaldomagalhaes.com.br\/index.php\/2017\/01\/25\/ladroes-arrombam-igreja-evangelica-e\/","title":{"rendered":"Ladr\u00f5es arrombam igreja evang\u00e9lica em Caruaru e roubam equipamentos"},"content":{"rendered":"<div class=\"separator\" style=\"clear: both; text-align: center;\">\n<a href=\"https:\/\/4.bp.blogspot.com\/-bkrDavLmRH0\/WIf3OLU4XDI\/AAAAAAAAOCM\/rubcDrCsb9ku1Jvt3o8vlfpMpNmk9tg4QCLcB\/s1600\/diacono.jpg\" imageanchor=\"1\" style=\"margin-left: 1em; margin-right: 1em;\"><img loading=\"lazy\" decoding=\"async\" border=\"0\" height=\"300\" src=\"http:\/\/blogdoedvaldomagalhaes.com.br\/wp-content\/uploads\/2017\/01\/diacono.jpg\" width=\"400\" \/><\/a><\/div>\n<div class=\"separator\" style=\"clear: both; text-align: center;\">\nDi\u00e1cono Francisco Jacob, diretor de patrim\u00f4nio, toma provid\u00eancias<\/div>\n<div class=\"separator\" style=\"clear: both; text-align: center;\">\n<\/div>\n<div>\n<div class=\"MsoNormal\" style=\"line-height: normal; margin-bottom: .0001pt; margin-bottom: 0cm; text-align: justify;\">\nUma igreja evang\u00e9lica foi alvo de furto na madrugada dessa<br \/>\nsegunda-feira (23), no bairro da Boa Vista, em Caruaru, a 6\u00aa Igreja Evang\u00e9lica<br \/>\nCongregacional Vale da B\u00ean\u00e7\u00e3o. O fato foi percebido pela zeladora na tarde desta ter\u00e7a-feira (24) ao chegar ao local, percebendo que os cadeados estavam quebrados e portas danificadas. A zeladora comunicou o fato ao diretor de patrim\u00f4nio, Francisco Jacob Silva e ao pastor,<br \/>\nBertoni Feliciano. Parte da lideran\u00e7a da igreja ainda permanece no local<br \/>\ntomando os procedimentos necess\u00e1rios.&nbsp;Conforme informa\u00e7\u00f5es colhidas com o pastor<br \/>\nBertoni, os bandidos teriam arrombado os cadeados da porta da frente mas n\u00e3o<br \/>\nconseguiram entrar.<\/div>\n<div class=\"MsoNormal\" style=\"background: white; line-height: normal; margin-bottom: .0001pt; margin-bottom: 0cm; text-align: justify;\">\n<div class=\"separator\" style=\"clear: both; text-align: center;\">\n<a href=\"https:\/\/1.bp.blogspot.com\/-2ha0X5gZmN4\/WIf4Qk8pQXI\/AAAAAAAAOCY\/VInH-m8Uj2cgcB6vGBjcFhvKkyeWcLKVQCLcB\/s1600\/porta.jpg\" imageanchor=\"1\" style=\"margin-left: 1em; margin-right: 1em;\"><img loading=\"lazy\" decoding=\"async\" border=\"0\" height=\"400\" src=\"http:\/\/blogdoedvaldomagalhaes.com.br\/wp-content\/uploads\/2017\/01\/porta.jpg\" width=\"300\" \/><\/a><\/div>\n<div class=\"separator\" style=\"clear: both; text-align: center;\">\nO gabinete pastoral teve a porta quebrada<\/div>\n<\/div>\n<div class=\"MsoNormal\" style=\"background: white; line-height: normal; margin-bottom: .0001pt; margin-bottom: 0cm; text-align: justify;\">\n<\/div>\n<div class=\"MsoNormal\" style=\"background: white; line-height: normal; margin-bottom: .0001pt; margin-bottom: 0cm; text-align: justify;\">\n&#8220;Acredita-se que algo aconteceu pois n\u00e3o<br \/>\nconseguiram nem pela porta da frente e nem pela lateral ambas dava acesso ao<br \/>\ntemplo, onde havia mais equipamentos e possivelmente era o alvo deles, disse<br \/>\nBertoni.&#8221;&nbsp;Observa-se no entanto que na parte de tr\u00e1s da<br \/>\nigreja, onde fica o escrit\u00f3rio pastoral e algumas salas de aula, eles<br \/>\nconseguiram arrombar os cadeados, danificar outras portas de acesso, quebrar<br \/>\njanelas e arrombar uma porta de entrada do escrit\u00f3rio para furtar um data show<br \/>\ne um notbook.&nbsp;Pode-se perceber que os bandidos<br \/>\nutilizaram enxadas, picaretas e p\u00e1s que estavam num local da pr\u00f3pria igreja<br \/>\npara provocar estes danos.<\/div>\n<div class=\"MsoNormal\" style=\"background: white; line-height: normal; margin-bottom: .0001pt; margin-bottom: 0cm; text-align: justify;\">\n<div class=\"separator\" style=\"clear: both; text-align: center;\">\n<a href=\"https:\/\/3.bp.blogspot.com\/-CgYQR3rvYFU\/WIf4bSsZNEI\/AAAAAAAAOCc\/2BeJDg5sMcEsCuLqwVjE1gXfNjwssaG6gCLcB\/s1600\/local.jpg\" imageanchor=\"1\" style=\"margin-left: 1em; margin-right: 1em;\"><img loading=\"lazy\" decoding=\"async\" border=\"0\" height=\"300\" src=\"http:\/\/blogdoedvaldomagalhaes.com.br\/wp-content\/uploads\/2017\/01\/local.jpg\" width=\"400\" \/><\/a><\/div>\n<div class=\"separator\" style=\"clear: both; text-align: center;\">\nAtr\u00e1s da igreja fica a pista de Cooper e a cerca de 50 metros<br style=\"color: #333333; font-family: Arial, Tahoma, Helvetica, FreeSans, sans-serif;\" \/>da lateral a Delegacia. A\u00e7\u00e3o teria ocorrido pela madrugada.<\/div>\n<\/div>\n<div class=\"MsoNormal\" style=\"background: white; line-height: normal; margin-bottom: .0001pt; margin-bottom: 0cm; text-align: justify;\">\n<\/div>\n<div class=\"MsoNormal\" style=\"background: white; line-height: normal; margin-bottom: .0001pt; margin-bottom: 0cm; text-align: justify;\">\nO diretor de<br \/>\nPatrim\u00f4nio, Francisco Jacob que relatou que n\u00e3o d\u00e1 para ter certeza sobre o dia<br \/>\nexato que aconteceu o fato: &#8220;Na segunda-feira eu viajei e n\u00e3o havia<br \/>\nnenhuma atividade pr\u00e9-agendada na igreja, a zeladora s\u00f3 estava escalada para<br \/>\nhoje \u00e0 tarde, ent\u00e3o n\u00e3o podemos precisar se foi do domingo para segunda ou de<br \/>\nontem para hoje,&#8221; relatou lamentando a a\u00e7\u00e3o,&#8221; e concluiu:<br \/>\n&#8220;outros equipamentos n\u00e3o foram levados por eles mas que deixaram a sala<br \/>\nbagun\u00e7ada e desorganizada&#8221;.<\/p>\n<p>Fonte: Presentia &#8211; Canal Crist\u00e3o<\/p><\/div>\n<\/div>\n","protected":false},"excerpt":{"rendered":"<p>Di\u00e1cono Francisco Jacob, diretor de patrim\u00f4nio, toma provid\u00eancias Uma igreja evang\u00e9lica foi alvo de furto na madrugada dessa segunda-feira (23),&hellip;<\/p>\n","protected":false},"author":1,"featured_media":0,"comment_status":"open","ping_status":"open","sticky":false,"template":"","format":"standard","meta":{"footnotes":""},"categories":[1],"tags":[2,9560,9561,13],"class_list":["post-6970","post","type-post","status-publish","format-standard","hentry","category-sem-categoria","tag-blog-do-edvaldo-magalhaes","tag-ladroes-arrombam-igreja-evangelica-em-caruaru-e-roubam-equipamentos","tag-pastor-bertoni","tag-policial"],"_links":{"self":[{"href":"https:\/\/blogdoedvaldomagalhaes.com.br\/index.php\/wp-json\/wp\/v2\/posts\/6970","targetHints":{"allow":["GET"]}}],"collection":[{"href":"https:\/\/blogdoedvaldomagalhaes.com.br\/index.php\/wp-json\/wp\/v2\/posts"}],"about":[{"href":"https:\/\/blogdoedvaldomagalhaes.com.br\/index.php\/wp-json\/wp\/v2\/types\/post"}],"author":[{"embeddable":true,"href":"https:\/\/blogdoedvaldomagalhaes.com.br\/index.php\/wp-json\/wp\/v2\/users\/1"}],"replies":[{"embeddable":true,"href":"https:\/\/blogdoedvaldomagalhaes.com.br\/index.php\/wp-json\/wp\/v2\/comments?post=6970"}],"version-history":[{"count":1,"href":"https:\/\/blogdoedvaldomagalhaes.com.br\/index.php\/wp-json\/wp\/v2\/posts\/6970\/revisions"}],"predecessor-version":[{"id":16287,"href":"https:\/\/blogdoedvaldomagalhaes.com.br\/index.php\/wp-json\/wp\/v2\/posts\/6970\/revisions\/16287"}],"wp:attachment":[{"href":"https:\/\/blogdoedvaldomagalhaes.com.br\/index.php\/wp-json\/wp\/v2\/media?parent=6970"}],"wp:term":[{"taxonomy":"category","embeddable":true,"href":"https:\/\/blogdoedvaldomagalhaes.com.br\/index.php\/wp-json\/wp\/v2\/categories?post=6970"},{"taxonomy":"post_tag","embeddable":true,"href":"https:\/\/blogdoedvaldomagalhaes.com.br\/index.php\/wp-json\/wp\/v2\/tags?post=6970"}],"curies":[{"name":"wp","href":"https:\/\/api.w.org\/{rel}","templated":true}]}}