{"id":697,"date":"2018-11-16T01:14:00","date_gmt":"2018-11-16T03:14:00","guid":{"rendered":"http:\/\/blogdoedvaldomagalhaes.com.br\/index.php\/2018\/11\/16\/jovem-baleado-na-zona-rural-de-caruaru\/"},"modified":"2019-02-09T02:40:06","modified_gmt":"2019-02-09T04:40:06","slug":"jovem-baleado-na-zona-rural-de-caruaru","status":"publish","type":"post","link":"https:\/\/blogdoedvaldomagalhaes.com.br\/index.php\/2018\/11\/16\/jovem-baleado-na-zona-rural-de-caruaru\/","title":{"rendered":"Jovem baleado na zona rural de Caruaru, \u00e9 socorrido para hospital de Toritama"},"content":{"rendered":"<div class=\"separator\" style=\"clear: both; text-align: center;\">\n<a href=\"https:\/\/3.bp.blogspot.com\/-u39SjHPIVNQ\/W-4Y1Nr0OGI\/AAAAAAAA9u8\/qJ7Oll0USY4jvl1sGaaM5-84P8Bef6m_wCLcBGAs\/s1600\/hospital-toritama.jpg\" imageanchor=\"1\" style=\"margin-left: 1em; margin-right: 1em;\"><img loading=\"lazy\" decoding=\"async\" border=\"0\" data-original-height=\"364\" data-original-width=\"640\" height=\"364\" src=\"http:\/\/blogdoedvaldomagalhaes.com.br\/wp-content\/uploads\/2018\/11\/hospital-toritama.jpg\" width=\"640\" \/><\/a><\/div>\n<p><\/p>\n<div style=\"text-align: justify;\">\n<\/div>\n<div style=\"background-color: white; box-sizing: border-box; line-height: 23px; margin-bottom: 10px; text-align: justify;\">\nUm jovem foi baleado na noite desta quinta-feira (15), na estrada do s\u00edtio Reinado, zona rural de Caruaru, Agreste pernambucano. Wanderson Rodrigues da Silva, 22 anos, foi socorrido para o Hospital Nossa Senhora de F\u00e1tima, na cidade de Toritama, e transferido para o Hospital da Restaura\u00e7\u00e3o, no Recife. Ele foi atingido com tr\u00eas tiros.<\/div>\n<div style=\"background-color: white; box-sizing: border-box; line-height: 23px; margin-bottom: 10px; text-align: justify;\">\nOs detalhes sobre a tentativa de homic\u00eddio ainda n\u00e3o foram divulgadas e o caso ser\u00e1 investigado pela Pol\u00edcia Civil.<\/div>\n<div style=\"background-color: white; box-sizing: border-box; line-height: 23px; margin-bottom: 10px; text-align: justify;\">\nJ\u00e1 em Garanhuns, foi assassinado a tiros o eletricista Jackson Vilela Godoi, 26 anos. O crime aconteceu no bairro do Magano e foi praticado por dois desconhecidos ap\u00f3s uma confus\u00e3o.<\/div>\n<div style=\"background-color: white; box-sizing: border-box; line-height: 23px; margin-bottom: 10px; text-align: justify;\">\nFonte: R\u00e1dio Liberdade.&nbsp;<\/div>\n","protected":false},"excerpt":{"rendered":"<p>Um jovem foi baleado na noite desta quinta-feira (15), na estrada do s\u00edtio Reinado, zona rural de Caruaru, Agreste pernambucano.&hellip;<\/p>\n","protected":false},"author":1,"featured_media":0,"comment_status":"open","ping_status":"open","sticky":false,"template":"","format":"standard","meta":{"footnotes":""},"categories":[1],"tags":[2,634,635,13],"class_list":["post-697","post","type-post","status-publish","format-standard","hentry","category-sem-categoria","tag-blog-do-edvaldo-magalhaes","tag-e-socorrido-para-hospital-de-toritama","tag-jovem-baleado-na-zona-rural-de-caruaru","tag-policial"],"_links":{"self":[{"href":"https:\/\/blogdoedvaldomagalhaes.com.br\/index.php\/wp-json\/wp\/v2\/posts\/697","targetHints":{"allow":["GET"]}}],"collection":[{"href":"https:\/\/blogdoedvaldomagalhaes.com.br\/index.php\/wp-json\/wp\/v2\/posts"}],"about":[{"href":"https:\/\/blogdoedvaldomagalhaes.com.br\/index.php\/wp-json\/wp\/v2\/types\/post"}],"author":[{"embeddable":true,"href":"https:\/\/blogdoedvaldomagalhaes.com.br\/index.php\/wp-json\/wp\/v2\/users\/1"}],"replies":[{"embeddable":true,"href":"https:\/\/blogdoedvaldomagalhaes.com.br\/index.php\/wp-json\/wp\/v2\/comments?post=697"}],"version-history":[{"count":1,"href":"https:\/\/blogdoedvaldomagalhaes.com.br\/index.php\/wp-json\/wp\/v2\/posts\/697\/revisions"}],"predecessor-version":[{"id":35901,"href":"https:\/\/blogdoedvaldomagalhaes.com.br\/index.php\/wp-json\/wp\/v2\/posts\/697\/revisions\/35901"}],"wp:attachment":[{"href":"https:\/\/blogdoedvaldomagalhaes.com.br\/index.php\/wp-json\/wp\/v2\/media?parent=697"}],"wp:term":[{"taxonomy":"category","embeddable":true,"href":"https:\/\/blogdoedvaldomagalhaes.com.br\/index.php\/wp-json\/wp\/v2\/categories?post=697"},{"taxonomy":"post_tag","embeddable":true,"href":"https:\/\/blogdoedvaldomagalhaes.com.br\/index.php\/wp-json\/wp\/v2\/tags?post=697"}],"curies":[{"name":"wp","href":"https:\/\/api.w.org\/{rel}","templated":true}]}}