{"id":6964,"date":"2017-01-25T21:37:00","date_gmt":"2017-01-25T23:37:00","guid":{"rendered":"http:\/\/blogdoedvaldomagalhaes.com.br\/index.php\/2017\/01\/25\/apresentador-de-programa-de-tv-de\/"},"modified":"2019-02-09T01:14:48","modified_gmt":"2019-02-09T03:14:48","slug":"apresentador-de-programa-de-tv-de","status":"publish","type":"post","link":"https:\/\/blogdoedvaldomagalhaes.com.br\/index.php\/2017\/01\/25\/apresentador-de-programa-de-tv-de\/","title":{"rendered":"Apresentador de programa de TV de Caruaru teve mal s\u00fabito, mas j\u00e1 est\u00e1 bem"},"content":{"rendered":"<div class=\"separator\" style=\"clear: both; text-align: center;\">\n<\/div>\n<div class=\"separator\" style=\"clear: both; text-align: center;\">\n<\/div>\n<div class=\"separator\" style=\"clear: both; text-align: justify;\">\nWagnner Sales apresentador do programa Sobre Tudo da TV Jornal de Caruaru, passou mal hoje em frente a um supermercado, devido o calor a press\u00e3o subiu e ele teve um mal s\u00fabito, mas, ele j\u00e1 est\u00e1 recuperado do susto e agradece a todos pela preocupa\u00e7\u00e3o.<\/div>\n<div class=\"separator\" style=\"clear: both; text-align: center;\">\n<\/div>\n","protected":false},"excerpt":{"rendered":"<p>Wagnner Sales apresentador do programa Sobre Tudo da TV Jornal de Caruaru, passou mal hoje em frente a um supermercado,&hellip;<\/p>\n","protected":false},"author":1,"featured_media":0,"comment_status":"open","ping_status":"open","sticky":false,"template":"","format":"standard","meta":{"footnotes":""},"categories":[1],"tags":[9549,2,6,9550],"class_list":["post-6964","post","type-post","status-publish","format-standard","hentry","category-sem-categoria","tag-apresentador-de-programa-de-tv-de-caruaru-teve-mal-subito-mas-ja-esta-bem","tag-blog-do-edvaldo-magalhaes","tag-noticias","tag-wagner-sales"],"_links":{"self":[{"href":"https:\/\/blogdoedvaldomagalhaes.com.br\/index.php\/wp-json\/wp\/v2\/posts\/6964","targetHints":{"allow":["GET"]}}],"collection":[{"href":"https:\/\/blogdoedvaldomagalhaes.com.br\/index.php\/wp-json\/wp\/v2\/posts"}],"about":[{"href":"https:\/\/blogdoedvaldomagalhaes.com.br\/index.php\/wp-json\/wp\/v2\/types\/post"}],"author":[{"embeddable":true,"href":"https:\/\/blogdoedvaldomagalhaes.com.br\/index.php\/wp-json\/wp\/v2\/users\/1"}],"replies":[{"embeddable":true,"href":"https:\/\/blogdoedvaldomagalhaes.com.br\/index.php\/wp-json\/wp\/v2\/comments?post=6964"}],"version-history":[{"count":1,"href":"https:\/\/blogdoedvaldomagalhaes.com.br\/index.php\/wp-json\/wp\/v2\/posts\/6964\/revisions"}],"predecessor-version":[{"id":16302,"href":"https:\/\/blogdoedvaldomagalhaes.com.br\/index.php\/wp-json\/wp\/v2\/posts\/6964\/revisions\/16302"}],"wp:attachment":[{"href":"https:\/\/blogdoedvaldomagalhaes.com.br\/index.php\/wp-json\/wp\/v2\/media?parent=6964"}],"wp:term":[{"taxonomy":"category","embeddable":true,"href":"https:\/\/blogdoedvaldomagalhaes.com.br\/index.php\/wp-json\/wp\/v2\/categories?post=6964"},{"taxonomy":"post_tag","embeddable":true,"href":"https:\/\/blogdoedvaldomagalhaes.com.br\/index.php\/wp-json\/wp\/v2\/tags?post=6964"}],"curies":[{"name":"wp","href":"https:\/\/api.w.org\/{rel}","templated":true}]}}