{"id":6963,"date":"2017-01-25T22:54:00","date_gmt":"2017-01-26T00:54:00","guid":{"rendered":"http:\/\/blogdoedvaldomagalhaes.com.br\/index.php\/2017\/01\/25\/wedneide-almeida-permanece-na\/"},"modified":"2019-02-09T01:14:49","modified_gmt":"2019-02-09T03:14:49","slug":"wedneide-almeida-permanece-na","status":"publish","type":"post","link":"https:\/\/blogdoedvaldomagalhaes.com.br\/index.php\/2017\/01\/25\/wedneide-almeida-permanece-na\/","title":{"rendered":"Wedneide Almeida permanece na Secretaria de Sa\u00fade na gest\u00e3o de Raquel. Veja as novas nomea\u00e7\u00f5es"},"content":{"rendered":"<div class=\"separator\" style=\"clear: both; text-align: center;\">\n<a href=\"https:\/\/1.bp.blogspot.com\/-Dq391ig-9gs\/WIkoIM-psoI\/AAAAAAAAOEw\/MlG4NSWMFv8XbXG3wPW4Dy_7wzRHIo20wCLcB\/s1600\/wedneide.jpg\" imageanchor=\"1\" style=\"margin-left: 1em; margin-right: 1em;\"><img loading=\"lazy\" decoding=\"async\" border=\"0\" height=\"400\" src=\"http:\/\/blogdoedvaldomagalhaes.com.br\/wp-content\/uploads\/2017\/01\/wedneide.jpg\" width=\"306\" \/><\/a><\/div>\n<div class=\"separator\" style=\"clear: both; text-align: center;\">\nFoto: Reprodu\u00e7\u00e3o\/Internet<\/div>\n<p><\/p>\n<div style=\"text-align: justify;\">\nA prefeita de Caruaru, Raquel Lyra (PSDB), publicou no Di\u00e1rio Oficial a seguintes nomea\u00e7\u00f5es:<\/div>\n<div style=\"text-align: justify;\">\n<\/div>\n<div style=\"text-align: justify;\">\n<b>Wedneide<\/b> Cristiane de<b> Almeida<\/b>, para o cargo de Secret\u00e1ria Executiva da Secretaria de<\/div>\n<div style=\"text-align: justify;\">\nSa\u00fade, Era respondia por esta fun\u00e7\u00e3o no governo Jos\u00e9 Queiroz (PDT) e vai continuar na atual gest\u00e3o.<\/div>\n<div style=\"text-align: justify;\">\n<\/div>\n<div style=\"text-align: justify;\">\nMaria <b>Perp\u00e9tua<\/b> Socorro <b>Dantas<\/b> Jord\u00e3o, para de Secret\u00e1ria de Participa\u00e7\u00e3o Social.<\/div>\n<div style=\"text-align: justify;\">\n<\/div>\n<div style=\"text-align: justify;\">\n<b>B\u00e1rbara<\/b> de Assis <b>Flor\u00eancio,<\/b> para o cargo de Assistente T\u00e9cnica da Secretaria de Sa\u00fade.<\/div>\n<div style=\"text-align: justify;\">\n<\/div>\n<div style=\"text-align: justify;\">\n<b>Lara<\/b> <b>Victoria<\/b> de Azevedo Lira, para o cargo de Coordenador II na Ger\u00eancia Geral de<\/div>\n<div style=\"text-align: justify;\">\nAdministra\u00e7\u00e3o Tribut\u00e1ria na Secretaria da Fazenda.<\/div>\n<div style=\"text-align: justify;\">\n<\/div>\n<div style=\"text-align: justify;\">\n<b>Diogo<\/b> de Carvalho <b>Bezerra<\/b>, para o cargo de Secret\u00e1rio da Fazenda.<\/div>\n<div style=\"text-align: justify;\">\n<\/div>\n<div style=\"text-align: justify;\">\n<b>Naylle Karenine<\/b> Rodrigues de Siqueira, para o cargo de Presidente da CPL na Ger\u00eancia<\/div>\n<div style=\"text-align: justify;\">\nde Licita\u00e7\u00f5es, Contratos e Conv\u00eanios, da Secretaria de Administra\u00e7\u00e3o.<\/div>\n<div style=\"text-align: justify;\">\n<\/div>\n<div style=\"text-align: justify;\">\n<b>Humberto Correia<\/b> Lima, para o cargo de Secret\u00e1rio de Servi\u00e7os Urbanos.<\/div>\n<p><\/p>\n","protected":false},"excerpt":{"rendered":"<p>Foto: Reprodu\u00e7\u00e3o\/Internet A prefeita de Caruaru, Raquel Lyra (PSDB), publicou no Di\u00e1rio Oficial a seguintes nomea\u00e7\u00f5es: Wedneide Cristiane de Almeida,&hellip;<\/p>\n","protected":false},"author":1,"featured_media":0,"comment_status":"open","ping_status":"open","sticky":false,"template":"","format":"standard","meta":{"footnotes":""},"categories":[1],"tags":[2,9547,6230,5347,20,9548],"class_list":["post-6963","post","type-post","status-publish","format-standard","hentry","category-sem-categoria","tag-blog-do-edvaldo-magalhaes","tag-diogo-bezerra","tag-humberto-correia","tag-perpetua-dantas","tag-politica","tag-wedneide-almeida-permanece-na-secretaria-de-saude-na-gestao-de-raquel-veja-as-novas-nomeacoes"],"_links":{"self":[{"href":"https:\/\/blogdoedvaldomagalhaes.com.br\/index.php\/wp-json\/wp\/v2\/posts\/6963","targetHints":{"allow":["GET"]}}],"collection":[{"href":"https:\/\/blogdoedvaldomagalhaes.com.br\/index.php\/wp-json\/wp\/v2\/posts"}],"about":[{"href":"https:\/\/blogdoedvaldomagalhaes.com.br\/index.php\/wp-json\/wp\/v2\/types\/post"}],"author":[{"embeddable":true,"href":"https:\/\/blogdoedvaldomagalhaes.com.br\/index.php\/wp-json\/wp\/v2\/users\/1"}],"replies":[{"embeddable":true,"href":"https:\/\/blogdoedvaldomagalhaes.com.br\/index.php\/wp-json\/wp\/v2\/comments?post=6963"}],"version-history":[{"count":1,"href":"https:\/\/blogdoedvaldomagalhaes.com.br\/index.php\/wp-json\/wp\/v2\/posts\/6963\/revisions"}],"predecessor-version":[{"id":16304,"href":"https:\/\/blogdoedvaldomagalhaes.com.br\/index.php\/wp-json\/wp\/v2\/posts\/6963\/revisions\/16304"}],"wp:attachment":[{"href":"https:\/\/blogdoedvaldomagalhaes.com.br\/index.php\/wp-json\/wp\/v2\/media?parent=6963"}],"wp:term":[{"taxonomy":"category","embeddable":true,"href":"https:\/\/blogdoedvaldomagalhaes.com.br\/index.php\/wp-json\/wp\/v2\/categories?post=6963"},{"taxonomy":"post_tag","embeddable":true,"href":"https:\/\/blogdoedvaldomagalhaes.com.br\/index.php\/wp-json\/wp\/v2\/tags?post=6963"}],"curies":[{"name":"wp","href":"https:\/\/api.w.org\/{rel}","templated":true}]}}