{"id":6962,"date":"2017-01-26T00:10:00","date_gmt":"2017-01-26T02:10:00","guid":{"rendered":"http:\/\/blogdoedvaldomagalhaes.com.br\/index.php\/2017\/01\/26\/acidente-deixa-tres-mortos-em-bonito\/"},"modified":"2019-02-09T01:14:50","modified_gmt":"2019-02-09T03:14:50","slug":"acidente-deixa-tres-mortos-em-bonito","status":"publish","type":"post","link":"https:\/\/blogdoedvaldomagalhaes.com.br\/index.php\/2017\/01\/26\/acidente-deixa-tres-mortos-em-bonito\/","title":{"rendered":"Acidente deixa tr\u00eas mortos em Bonito"},"content":{"rendered":"<div class=\"separator\" style=\"clear: both; text-align: center;\">\n<a href=\"https:\/\/1.bp.blogspot.com\/-0rTNFLAmTR0\/WIk-SbBIsMI\/AAAAAAAAOFA\/kVISR7pL3uUvQUlU2aZr0xjHJrMHRwKeACLcB\/s1600\/01.jpg\" imageanchor=\"1\" style=\"margin-left: 1em; margin-right: 1em;\"><img loading=\"lazy\" decoding=\"async\" border=\"0\" height=\"221\" src=\"http:\/\/blogdoedvaldomagalhaes.com.br\/wp-content\/uploads\/2017\/01\/01-5.jpg\" width=\"400\" \/><\/a><\/div>\n<div class=\"separator\" style=\"clear: both; text-align: center;\">\nFoto: Reprodu\u00e7\u00e3o\/WhatsApp<\/div>\n<div style=\"margin-bottom: .0001pt; margin: 0cm; text-align: justify;\">\n<\/div>\n<div style=\"margin-bottom: .0001pt; margin: 0cm; text-align: justify;\">\nUma colis\u00e3o de tr\u00e2nsito ocorrida por volta das 04:h30min da tarde desta quarta-feira (25) na PE 103, na altura do S\u00edtio Boa Vista, pr\u00f3ximo ao Trevo que d\u00e1 acesso a cidade de Barra de Guabiraba e ao Bar da Buchadinha, na zona rural de Bonito resultou na morte de tr\u00eas pessoas. As v\u00edtimas, o casal,&nbsp;Darlan Alves Siqueira, de 27 anos, a esposa,&nbsp;Maria Elis\u00e2ngela da Silva, de 25 anos, que moravam em Camocim de S\u00e3o F\u00e9lix com a filhinha,&nbsp;Maria Eduarda da Silva, de apenas 2 meses, morreram nesse acidente tr\u00e1gico.<\/p>\n<div class=\"separator\" style=\"clear: both; text-align: center;\">\n<a href=\"https:\/\/1.bp.blogspot.com\/-OhERwhDslEc\/WInR8TpvZRI\/AAAAAAAAOGM\/JfXRNMzms5YCFeqMRe5MpdgULgaP2QbdACLcB\/s1600\/03.jpeg\" imageanchor=\"1\" style=\"margin-left: 1em; margin-right: 1em;\"><img loading=\"lazy\" decoding=\"async\" border=\"0\" height=\"400\" src=\"http:\/\/blogdoedvaldomagalhaes.com.br\/wp-content\/uploads\/2017\/01\/03.jpeg\" width=\"292\" \/><\/a><\/div>\n<div class=\"separator\" style=\"clear: both; text-align: center;\">\n<\/div>\n<div class=\"separator\" style=\"clear: both; text-align: center;\">\n<a href=\"https:\/\/3.bp.blogspot.com\/-pxqxlL9r7C8\/WInSP3yySpI\/AAAAAAAAOGc\/Bo_yR-qbPI4PSYwP6sr3TtOzC9XGqMcyACLcB\/s1600\/04.jpeg\" imageanchor=\"1\" style=\"margin-left: 1em; margin-right: 1em;\"><img loading=\"lazy\" decoding=\"async\" border=\"0\" height=\"315\" src=\"http:\/\/blogdoedvaldomagalhaes.com.br\/wp-content\/uploads\/2017\/01\/04.jpeg\" width=\"400\" \/><\/a><\/div>\n<p>O tio do Darlan,&nbsp;Jos\u00e9 Cori, disse que ele trabalhava como eletricista de autos e pegou um ve\u00edculo Parati branco emprestado e foi com a esposa e a filhinha beb\u00ea num casamento em Bonito, no retorno sofreu o acidente ao bater de frente em um caminh\u00e3o Volkswagen Constellation branco, placa PGB-4491 do Recife. Ele n\u00e3o soube precisar se o sobrinho era habilitado, nem se teria ingerido bebida alco\u00f3lica.<\/p>\n<div class=\"separator\" style=\"clear: both; text-align: center;\">\n<a href=\"https:\/\/1.bp.blogspot.com\/-pTGXw82Aj6U\/WInSC4MIikI\/AAAAAAAAOGQ\/XKzzHdOjkqA8A5Dqvnbe1kyYp0McWiAMgCLcB\/s1600\/01.jpeg\" imageanchor=\"1\" style=\"margin-left: 1em; margin-right: 1em;\"><img loading=\"lazy\" decoding=\"async\" border=\"0\" height=\"225\" src=\"http:\/\/blogdoedvaldomagalhaes.com.br\/wp-content\/uploads\/2017\/01\/01.jpeg\" width=\"400\" \/><\/a><\/div>\n<div class=\"MsoNormal\" style=\"background-color: white; color: #222222; font-family: Arial, Tahoma, Helvetica, FreeSans, sans-serif; font-size: 13.2px;\">\nSegundo o motorista do caminh\u00e3o,&nbsp;Jos\u00e9 Amaro de Andrade, de 41 anos, o Darlan estava guiando o ve\u00edculo, sentido Camocim e tentava ultrapassar dois ve\u00edculos quando bateu frontalmente no seu autocarga, que estava carregado com 100 sacos de milho e que testemunhas disseram que o Darlan ainda olhava constantemente para tr\u00e1s, pois a esposa viajava com a filhinha no colo no banco traseiro e foi constatado que todos estavam sem o cinto de seguran\u00e7a.<\/p>\n<div class=\"separator\" style=\"clear: both; text-align: center;\">\n<a href=\"https:\/\/4.bp.blogspot.com\/-QHiVZ_6ZTUE\/WInSHMSZjAI\/AAAAAAAAOGY\/lSYmnNFlLdABlNo3ZqsU2IKie3-GE3QtACLcB\/s1600\/02.JPG\" imageanchor=\"1\" style=\"margin-left: 1em; margin-right: 1em;\"><img loading=\"lazy\" decoding=\"async\" border=\"0\" height=\"265\" src=\"http:\/\/blogdoedvaldomagalhaes.com.br\/wp-content\/uploads\/2017\/01\/02-4.jpg\" width=\"400\" \/><\/a><\/div>\n<p><\/div>\n<div class=\"MsoNormal\" style=\"background-color: white; color: #222222; font-family: Arial, Tahoma, Helvetica, FreeSans, sans-serif; font-size: 13.2px;\">\nOs corpos das tr\u00eas v\u00edtimas foram encaminhados para o IML de Caruaru.<\/div>\n<\/div>\n","protected":false},"excerpt":{"rendered":"<p>Foto: Reprodu\u00e7\u00e3o\/WhatsApp Uma colis\u00e3o de tr\u00e2nsito ocorrida por volta das 04:h30min da tarde desta quarta-feira (25) na PE 103, na&hellip;<\/p>\n","protected":false},"author":1,"featured_media":0,"comment_status":"open","ping_status":"open","sticky":false,"template":"","format":"standard","meta":{"footnotes":""},"categories":[1],"tags":[9546,1548,2,13,3983,334],"class_list":["post-6962","post","type-post","status-publish","format-standard","hentry","category-sem-categoria","tag-acidente-deixa-tres-mortos-em-bonito","tag-bezerros","tag-blog-do-edvaldo-magalhaes","tag-policial","tag-recife","tag-samu"],"_links":{"self":[{"href":"https:\/\/blogdoedvaldomagalhaes.com.br\/index.php\/wp-json\/wp\/v2\/posts\/6962","targetHints":{"allow":["GET"]}}],"collection":[{"href":"https:\/\/blogdoedvaldomagalhaes.com.br\/index.php\/wp-json\/wp\/v2\/posts"}],"about":[{"href":"https:\/\/blogdoedvaldomagalhaes.com.br\/index.php\/wp-json\/wp\/v2\/types\/post"}],"author":[{"embeddable":true,"href":"https:\/\/blogdoedvaldomagalhaes.com.br\/index.php\/wp-json\/wp\/v2\/users\/1"}],"replies":[{"embeddable":true,"href":"https:\/\/blogdoedvaldomagalhaes.com.br\/index.php\/wp-json\/wp\/v2\/comments?post=6962"}],"version-history":[{"count":1,"href":"https:\/\/blogdoedvaldomagalhaes.com.br\/index.php\/wp-json\/wp\/v2\/posts\/6962\/revisions"}],"predecessor-version":[{"id":16310,"href":"https:\/\/blogdoedvaldomagalhaes.com.br\/index.php\/wp-json\/wp\/v2\/posts\/6962\/revisions\/16310"}],"wp:attachment":[{"href":"https:\/\/blogdoedvaldomagalhaes.com.br\/index.php\/wp-json\/wp\/v2\/media?parent=6962"}],"wp:term":[{"taxonomy":"category","embeddable":true,"href":"https:\/\/blogdoedvaldomagalhaes.com.br\/index.php\/wp-json\/wp\/v2\/categories?post=6962"},{"taxonomy":"post_tag","embeddable":true,"href":"https:\/\/blogdoedvaldomagalhaes.com.br\/index.php\/wp-json\/wp\/v2\/tags?post=6962"}],"curies":[{"name":"wp","href":"https:\/\/api.w.org\/{rel}","templated":true}]}}