{"id":69532,"date":"2021-05-03T21:07:17","date_gmt":"2021-05-04T00:07:17","guid":{"rendered":"https:\/\/blogdoedvaldomagalhaes.com.br\/?p=69532"},"modified":"2021-05-03T21:07:18","modified_gmt":"2021-05-04T00:07:18","slug":"lessa-destaca-articulacoes-em-prol-do-agreste","status":"publish","type":"post","link":"https:\/\/blogdoedvaldomagalhaes.com.br\/index.php\/2021\/05\/03\/lessa-destaca-articulacoes-em-prol-do-agreste\/","title":{"rendered":"Lessa destaca articula\u00e7\u00f5es em prol do Agreste"},"content":{"rendered":"<p style=\"text-align: justify;\"><span style=\"font-size: inherit;\">O deputado estadual Erick Lessa participou do programa \u2018Panorama CBN\u2019, apresentado pelo jornalista Almir Vilanova, pela CBN Caruaru, na tarde desta segunda-feira (03). O parlamentar fez uma an\u00e1lise da conjuntura pol\u00edtica e prestou contas de suas a\u00e7\u00f5es no Pal\u00e1cio Joaquim Nabuco.<\/span><\/p>\n<p style=\"text-align: justify;\">Citando que 03 de maio marca o Dia do Parlamento, Lessa pontuou o trabalho de interlocu\u00e7\u00e3o que vem realizando com os mais diversos segmentos, sobretudo visando ao desenvolvimento da regi\u00e3o Agreste. Na semana passada, ele articulou uma reuni\u00e3o entre o presidente da Sociedade Teatral da Fazenda Nova, Robinson Pacheco, e o secret\u00e1rio da Casa Civil, Jos\u00e9 Neto, para buscar solu\u00e7\u00f5es no sentido da manuten\u00e7\u00e3o dos moradores da cidade-teatro. Lessa ainda rememorou a articula\u00e7\u00e3o realizada com lideran\u00e7as do Polo de Confec\u00e7\u00f5es do Agreste, para a retomada das feiras no hor\u00e1rio tradicional. Neste contexto, o deputado estadual tamb\u00e9m vem dialogando com o setor cultural e de eventos. \u201cConversei com o vereador Anderson Correia e dever\u00e1 ocorrer uma audi\u00eancia p\u00fablica em Caruaru para debater este assunto\u201d, mencionou.<\/p>\n<p style=\"text-align: justify;\">Quando perguntado sobre a sua vis\u00e3o acerca da atual gest\u00e3o municipal, o deputado questionou a falta de recarga do cart\u00e3o-alimenta\u00e7\u00e3o para os estudantes da rede p\u00fablica do munic\u00edpio, conforme foi divulgado recentemente pelo Conselho Municipal de Alimenta\u00e7\u00e3o Escolar (COMAE). Sobre as elei\u00e7\u00f5es do ano passado, Lessa observou que o processo foi at\u00edpico devido \u00e0 pandemia. \u201cRespeito a decis\u00e3o soberana da popula\u00e7\u00e3o e n\u00e3o me esquivei do debate, enquanto outros atores pol\u00edticos n\u00e3o se colocaram \u00e0 disposi\u00e7\u00e3o\u201d, disse. Analisando a pol\u00edtica nacional, o deputado declarou que \u00e9 a favor da chamada \u2018CPI da Covid\u2019. \u201cSou a favor das investiga\u00e7\u00f5es, mas, como investigador, sei que este trabalho deve ser feito com objetivos claros e n\u00e3o se torne palanque pol\u00edtico-eleitoral\u201d, ponderou.<\/p>\n<p style=\"text-align: justify;\">Foto: Viliane Gomes\/Arquivo<\/p>\n","protected":false},"excerpt":{"rendered":"<p>O deputado estadual Erick Lessa participou do programa \u2018Panorama CBN\u2019, apresentado pelo jornalista Almir Vilanova, pela CBN Caruaru, na tarde&hellip;<\/p>\n","protected":false},"author":1,"featured_media":69533,"comment_status":"open","ping_status":"open","sticky":false,"template":"","format":"standard","meta":{"footnotes":""},"categories":[14122],"tags":[2,19532,9402,21530,1950,20],"class_list":["post-69532","post","type-post","status-publish","format-standard","has-post-thumbnail","hentry","category-politica","tag-blog-do-edvaldo-magalhaes","tag-blog-mais-acessado-e-visualizado-de-caruaru-e-regiao","tag-erick-lessa","tag-lessa-destaca-articulacoes-em-prol-do-agreste","tag-noticias-de-caruaru","tag-politica"],"_links":{"self":[{"href":"https:\/\/blogdoedvaldomagalhaes.com.br\/index.php\/wp-json\/wp\/v2\/posts\/69532","targetHints":{"allow":["GET"]}}],"collection":[{"href":"https:\/\/blogdoedvaldomagalhaes.com.br\/index.php\/wp-json\/wp\/v2\/posts"}],"about":[{"href":"https:\/\/blogdoedvaldomagalhaes.com.br\/index.php\/wp-json\/wp\/v2\/types\/post"}],"author":[{"embeddable":true,"href":"https:\/\/blogdoedvaldomagalhaes.com.br\/index.php\/wp-json\/wp\/v2\/users\/1"}],"replies":[{"embeddable":true,"href":"https:\/\/blogdoedvaldomagalhaes.com.br\/index.php\/wp-json\/wp\/v2\/comments?post=69532"}],"version-history":[{"count":1,"href":"https:\/\/blogdoedvaldomagalhaes.com.br\/index.php\/wp-json\/wp\/v2\/posts\/69532\/revisions"}],"predecessor-version":[{"id":69534,"href":"https:\/\/blogdoedvaldomagalhaes.com.br\/index.php\/wp-json\/wp\/v2\/posts\/69532\/revisions\/69534"}],"wp:featuredmedia":[{"embeddable":true,"href":"https:\/\/blogdoedvaldomagalhaes.com.br\/index.php\/wp-json\/wp\/v2\/media\/69533"}],"wp:attachment":[{"href":"https:\/\/blogdoedvaldomagalhaes.com.br\/index.php\/wp-json\/wp\/v2\/media?parent=69532"}],"wp:term":[{"taxonomy":"category","embeddable":true,"href":"https:\/\/blogdoedvaldomagalhaes.com.br\/index.php\/wp-json\/wp\/v2\/categories?post=69532"},{"taxonomy":"post_tag","embeddable":true,"href":"https:\/\/blogdoedvaldomagalhaes.com.br\/index.php\/wp-json\/wp\/v2\/tags?post=69532"}],"curies":[{"name":"wp","href":"https:\/\/api.w.org\/{rel}","templated":true}]}}