{"id":695,"date":"2018-11-16T12:50:00","date_gmt":"2018-11-16T14:50:00","guid":{"rendered":"http:\/\/blogdoedvaldomagalhaes.com.br\/index.php\/2018\/11\/16\/caruaru-serra-dos-cavalos-tera-feira\/"},"modified":"2019-02-09T02:40:07","modified_gmt":"2019-02-09T04:40:07","slug":"caruaru-serra-dos-cavalos-tera-feira","status":"publish","type":"post","link":"https:\/\/blogdoedvaldomagalhaes.com.br\/index.php\/2018\/11\/16\/caruaru-serra-dos-cavalos-tera-feira\/","title":{"rendered":"Caruaru: Serra dos Cavalos ter\u00e1 Feira Musical neste domingo (18)"},"content":{"rendered":"<p><\/p>\n<div class=\"separator\" style=\"clear: both; text-align: center;\">\n<a href=\"https:\/\/3.bp.blogspot.com\/-n6BjU5O5HqY\/W-68yInhj8I\/AAAAAAAA9vU\/gX2lDPICIY0fRlbPFYPySkAWk00ALm7GACLcBGAs\/s1600\/IMG-20181116-WA0051.jpg\" imageanchor=\"1\" style=\"margin-left: 1em; margin-right: 1em;\"><img loading=\"lazy\" decoding=\"async\" border=\"0\" data-original-height=\"1280\" data-original-width=\"1280\" height=\"640\" src=\"http:\/\/blogdoedvaldomagalhaes.com.br\/wp-content\/uploads\/2018\/11\/IMG-20181116-WA0051.jpg\" width=\"640\" \/><\/a><\/div>\n<div style=\"text-align: justify;\">\n<\/div>\n<div style=\"text-align: justify;\">\nA 7\u00aa edi\u00e7\u00e3o da Feira Musical ser\u00e1 realizada neste domingo (18) no Parque Natural Municipal Jo\u00e3o Vasconcelos Sobrinho, em Serra dos Cavalos. A iniciativa \u00e9 da Prefeitura de Caruaru, atrav\u00e9s da Secretaria de Sustentabilidade e Desenvolvimento Rural. Desta vez, o cantor Valdir Santos ser\u00e1 uma das atra\u00e7\u00f5es.<\/div>\n<div style=\"text-align: justify;\">\n<\/div>\n<div style=\"text-align: justify;\">\nO evento \u00e9 gratuito e conta com transporte saindo da frente do Grande Hotel, \u00e0s 13h. A programa\u00e7\u00e3o tem ainda a presen\u00e7a de arte-educadores para animar a crian\u00e7ada, integrantes da Associa\u00e7\u00e3o dos Artistas Pl\u00e1sticos de Caruaru, al\u00e9m de uma feira de artesanato e gastronomia.<\/div>\n<div style=\"text-align: justify;\">\n<\/div>\n","protected":false},"excerpt":{"rendered":"<p>A 7\u00aa edi\u00e7\u00e3o da Feira Musical ser\u00e1 realizada neste domingo (18) no Parque Natural Municipal Jo\u00e3o Vasconcelos Sobrinho, em Serra&hellip;<\/p>\n","protected":false},"author":1,"featured_media":0,"comment_status":"open","ping_status":"open","sticky":false,"template":"","format":"standard","meta":{"footnotes":""},"categories":[1],"tags":[2,632,6],"class_list":["post-695","post","type-post","status-publish","format-standard","hentry","category-sem-categoria","tag-blog-do-edvaldo-magalhaes","tag-caruaru-serra-dos-cavalos-tera-feira-musical-neste-domingo-18","tag-noticias"],"_links":{"self":[{"href":"https:\/\/blogdoedvaldomagalhaes.com.br\/index.php\/wp-json\/wp\/v2\/posts\/695","targetHints":{"allow":["GET"]}}],"collection":[{"href":"https:\/\/blogdoedvaldomagalhaes.com.br\/index.php\/wp-json\/wp\/v2\/posts"}],"about":[{"href":"https:\/\/blogdoedvaldomagalhaes.com.br\/index.php\/wp-json\/wp\/v2\/types\/post"}],"author":[{"embeddable":true,"href":"https:\/\/blogdoedvaldomagalhaes.com.br\/index.php\/wp-json\/wp\/v2\/users\/1"}],"replies":[{"embeddable":true,"href":"https:\/\/blogdoedvaldomagalhaes.com.br\/index.php\/wp-json\/wp\/v2\/comments?post=695"}],"version-history":[{"count":1,"href":"https:\/\/blogdoedvaldomagalhaes.com.br\/index.php\/wp-json\/wp\/v2\/posts\/695\/revisions"}],"predecessor-version":[{"id":35905,"href":"https:\/\/blogdoedvaldomagalhaes.com.br\/index.php\/wp-json\/wp\/v2\/posts\/695\/revisions\/35905"}],"wp:attachment":[{"href":"https:\/\/blogdoedvaldomagalhaes.com.br\/index.php\/wp-json\/wp\/v2\/media?parent=695"}],"wp:term":[{"taxonomy":"category","embeddable":true,"href":"https:\/\/blogdoedvaldomagalhaes.com.br\/index.php\/wp-json\/wp\/v2\/categories?post=695"},{"taxonomy":"post_tag","embeddable":true,"href":"https:\/\/blogdoedvaldomagalhaes.com.br\/index.php\/wp-json\/wp\/v2\/tags?post=695"}],"curies":[{"name":"wp","href":"https:\/\/api.w.org\/{rel}","templated":true}]}}