{"id":6940,"date":"2017-01-27T21:50:00","date_gmt":"2017-01-27T23:50:00","guid":{"rendered":"http:\/\/blogdoedvaldomagalhaes.com.br\/index.php\/2017\/01\/27\/agora-e-lei-presidente-da-camara-de\/"},"modified":"2019-02-09T01:15:05","modified_gmt":"2019-02-09T03:15:05","slug":"agora-e-lei-presidente-da-camara-de","status":"publish","type":"post","link":"https:\/\/blogdoedvaldomagalhaes.com.br\/index.php\/2017\/01\/27\/agora-e-lei-presidente-da-camara-de\/","title":{"rendered":"Agora \u00e9 Lei: presidente da C\u00e2mara de Caruaru promulga aumento dos Secret\u00e1rios Municipais"},"content":{"rendered":"<div class=\"separator\" style=\"clear: both; text-align: center;\">\n<a href=\"https:\/\/3.bp.blogspot.com\/-Etdzq3tX_nA\/WIvAkReyarI\/AAAAAAAAOOU\/I0ImPA6MyuoNej4wdOynS9rmn57ndCTwwCLcB\/s1600\/promulgado.jpg\" imageanchor=\"1\" style=\"margin-left: 1em; margin-right: 1em;\"><img loading=\"lazy\" decoding=\"async\" border=\"0\" height=\"240\" src=\"http:\/\/blogdoedvaldomagalhaes.com.br\/wp-content\/uploads\/2017\/01\/promulgado.jpg\" width=\"400\" \/><\/a><\/div>\n<div class=\"separator\" style=\"clear: both; text-align: center;\">\nFoto ilustrativa<\/div>\n<div style=\"text-align: justify;\">\n<\/div>\n<div style=\"text-align: justify;\">\nO presidente da C\u00e2mara de vereadores de Caruaru, Lula Tores (PDT), fixou os subs\u00eddios da prefeita, do vice-prefeito e dos Secret\u00e1rios Municipais para o per\u00edodo 2017\/2020. O subs\u00eddio mensal da prefeito fica fixado no valor de R$ 16.000,00 (dezesseis mil reais) e o do vice-prefeito no<\/div>\n<div style=\"text-align: justify;\">\nvalor de R$ 8.000,00 (oito mil reais). &nbsp;O subs\u00eddio mensal dos Secret\u00e1rios Municipais fica fixado no valor de R$ 12.000,00 (doze mil reais).&nbsp;<\/div>\n<div style=\"text-align: justify;\">\n<\/div>\n<div style=\"text-align: justify;\">\nComo n\u00e3o houve san\u00e7\u00e3o do ex-prefeito Jos\u00e9 Queiroz (PDT) e da atual prefeita Raquel Lyra (PSDB), o Projeto de Lei de autoria da Mesa Diretora da C\u00e2mara Municipal voltou a Casa Jornalista Jos\u00e9 Carlos Flor\u00eancio, e o atual presidente Lula Torres (PDT), promulgou o aumento dos sal\u00e1rios dos Secret\u00e1rios Municipais.&nbsp;<\/div>\n<div style=\"text-align: justify;\">\n<\/div>\n<div style=\"text-align: justify;\">\nLembrando que o presidente da C\u00e2mara recebe R$ 24 mil brutos, ou seja, R$ 8 mil a mais que a prefeita, 16 mi a mais que o vice-prefeito e o dobro dos secret\u00e1rios.<\/div>\n","protected":false},"excerpt":{"rendered":"<p>Foto ilustrativa O presidente da C\u00e2mara de vereadores de Caruaru, Lula Tores (PDT), fixou os subs\u00eddios da prefeita, do vice-prefeito&hellip;<\/p>\n","protected":false},"author":1,"featured_media":0,"comment_status":"open","ping_status":"open","sticky":false,"template":"","format":"standard","meta":{"footnotes":""},"categories":[1],"tags":[9508,2,4476,5152,20,1229],"class_list":["post-6940","post","type-post","status-publish","format-standard","hentry","category-sem-categoria","tag-agora-e-lei-presidente-da-camara-de-caruaru-promulga-aumento-dos-secretarios-municipais","tag-blog-do-edvaldo-magalhaes","tag-camara-de-vereadores-de-caruaru","tag-jose-queiroz","tag-politica","tag-raquel-lyra"],"_links":{"self":[{"href":"https:\/\/blogdoedvaldomagalhaes.com.br\/index.php\/wp-json\/wp\/v2\/posts\/6940","targetHints":{"allow":["GET"]}}],"collection":[{"href":"https:\/\/blogdoedvaldomagalhaes.com.br\/index.php\/wp-json\/wp\/v2\/posts"}],"about":[{"href":"https:\/\/blogdoedvaldomagalhaes.com.br\/index.php\/wp-json\/wp\/v2\/types\/post"}],"author":[{"embeddable":true,"href":"https:\/\/blogdoedvaldomagalhaes.com.br\/index.php\/wp-json\/wp\/v2\/users\/1"}],"replies":[{"embeddable":true,"href":"https:\/\/blogdoedvaldomagalhaes.com.br\/index.php\/wp-json\/wp\/v2\/comments?post=6940"}],"version-history":[{"count":1,"href":"https:\/\/blogdoedvaldomagalhaes.com.br\/index.php\/wp-json\/wp\/v2\/posts\/6940\/revisions"}],"predecessor-version":[{"id":16362,"href":"https:\/\/blogdoedvaldomagalhaes.com.br\/index.php\/wp-json\/wp\/v2\/posts\/6940\/revisions\/16362"}],"wp:attachment":[{"href":"https:\/\/blogdoedvaldomagalhaes.com.br\/index.php\/wp-json\/wp\/v2\/media?parent=6940"}],"wp:term":[{"taxonomy":"category","embeddable":true,"href":"https:\/\/blogdoedvaldomagalhaes.com.br\/index.php\/wp-json\/wp\/v2\/categories?post=6940"},{"taxonomy":"post_tag","embeddable":true,"href":"https:\/\/blogdoedvaldomagalhaes.com.br\/index.php\/wp-json\/wp\/v2\/tags?post=6940"}],"curies":[{"name":"wp","href":"https:\/\/api.w.org\/{rel}","templated":true}]}}