{"id":694,"date":"2018-11-16T15:20:00","date_gmt":"2018-11-16T17:20:00","guid":{"rendered":"http:\/\/blogdoedvaldomagalhaes.com.br\/index.php\/2018\/11\/16\/romaria-de-frei-damiao-em-caruaru-neste\/"},"modified":"2019-02-09T02:40:07","modified_gmt":"2019-02-09T04:40:07","slug":"romaria-de-frei-damiao-em-caruaru-neste","status":"publish","type":"post","link":"https:\/\/blogdoedvaldomagalhaes.com.br\/index.php\/2018\/11\/16\/romaria-de-frei-damiao-em-caruaru-neste\/","title":{"rendered":"Romaria de Frei Dami\u00e3o em Caruaru neste domingo (18)"},"content":{"rendered":"<div class=\"separator\" style=\"clear: both; text-align: center;\">\n<a href=\"https:\/\/3.bp.blogspot.com\/-frGQI7PoqLs\/W-7f-jAvSVI\/AAAAAAAA9wA\/U5IGPVkRAxkIjnEjyHI_lLwji8wazWK1gCLcBGAs\/s1600\/IMG-20181108-WA0150.jpg\" imageanchor=\"1\" style=\"margin-left: 1em; margin-right: 1em;\"><img loading=\"lazy\" decoding=\"async\" border=\"0\" data-original-height=\"1039\" data-original-width=\"939\" height=\"640\" src=\"http:\/\/blogdoedvaldomagalhaes.com.br\/wp-content\/uploads\/2018\/11\/IMG-20181108-WA0150.jpg\" width=\"578\" \/><\/a><\/div>\n<p><\/p>\n<div style=\"text-align: justify;\">\nA Romaria de Frei Dami\u00e3o em Caruaru, acontece neste domingo (18). A sa\u00edda da caminhada ser\u00e1 \u00e0s 06h da manh\u00e3 da Igreja Cora\u00e7\u00e3o Eucar\u00edstico, conhecida como Igreja do Convento, no bairro Divin\u00f3polis. No Santu\u00e1rio, localizado \u00e0s margens da BR-104, haver\u00e1 Recita\u00e7\u00e3o do Ter\u00e7o \u00e0s 8h, Louvor com o Grupo Irm\u00e3os de F\u00e9 \u00e0s 8h30, B\u00ean\u00e7\u00e3o e Inaugura\u00e7\u00e3o do Espa\u00e7o Mariano \u00e0s 9h30 e Santa Missa \u00e0s 10h.&nbsp;&nbsp;\n<\/div>\n<div style=\"text-align: justify;\">\n<\/div>\n","protected":false},"excerpt":{"rendered":"<p>A Romaria de Frei Dami\u00e3o em Caruaru, acontece neste domingo (18). A sa\u00edda da caminhada ser\u00e1 \u00e0s 06h da manh\u00e3&hellip;<\/p>\n","protected":false},"author":1,"featured_media":0,"comment_status":"open","ping_status":"open","sticky":false,"template":"","format":"standard","meta":{"footnotes":""},"categories":[1],"tags":[2,6,631],"class_list":["post-694","post","type-post","status-publish","format-standard","hentry","category-sem-categoria","tag-blog-do-edvaldo-magalhaes","tag-noticias","tag-romaria-de-frei-damiao-em-caruaru-neste-domingo-18"],"_links":{"self":[{"href":"https:\/\/blogdoedvaldomagalhaes.com.br\/index.php\/wp-json\/wp\/v2\/posts\/694","targetHints":{"allow":["GET"]}}],"collection":[{"href":"https:\/\/blogdoedvaldomagalhaes.com.br\/index.php\/wp-json\/wp\/v2\/posts"}],"about":[{"href":"https:\/\/blogdoedvaldomagalhaes.com.br\/index.php\/wp-json\/wp\/v2\/types\/post"}],"author":[{"embeddable":true,"href":"https:\/\/blogdoedvaldomagalhaes.com.br\/index.php\/wp-json\/wp\/v2\/users\/1"}],"replies":[{"embeddable":true,"href":"https:\/\/blogdoedvaldomagalhaes.com.br\/index.php\/wp-json\/wp\/v2\/comments?post=694"}],"version-history":[{"count":1,"href":"https:\/\/blogdoedvaldomagalhaes.com.br\/index.php\/wp-json\/wp\/v2\/posts\/694\/revisions"}],"predecessor-version":[{"id":35907,"href":"https:\/\/blogdoedvaldomagalhaes.com.br\/index.php\/wp-json\/wp\/v2\/posts\/694\/revisions\/35907"}],"wp:attachment":[{"href":"https:\/\/blogdoedvaldomagalhaes.com.br\/index.php\/wp-json\/wp\/v2\/media?parent=694"}],"wp:term":[{"taxonomy":"category","embeddable":true,"href":"https:\/\/blogdoedvaldomagalhaes.com.br\/index.php\/wp-json\/wp\/v2\/categories?post=694"},{"taxonomy":"post_tag","embeddable":true,"href":"https:\/\/blogdoedvaldomagalhaes.com.br\/index.php\/wp-json\/wp\/v2\/tags?post=694"}],"curies":[{"name":"wp","href":"https:\/\/api.w.org\/{rel}","templated":true}]}}