{"id":6939,"date":"2017-01-27T22:07:00","date_gmt":"2017-01-28T00:07:00","guid":{"rendered":"http:\/\/blogdoedvaldomagalhaes.com.br\/index.php\/2017\/01\/27\/exoneradas-15-gestoras-crecheiras-dos\/"},"modified":"2019-02-09T01:15:05","modified_gmt":"2019-02-09T03:15:05","slug":"exoneradas-15-gestoras-crecheiras-dos","status":"publish","type":"post","link":"https:\/\/blogdoedvaldomagalhaes.com.br\/index.php\/2017\/01\/27\/exoneradas-15-gestoras-crecheiras-dos\/","title":{"rendered":"Gestoras (crecheiras)  s\u00e3o exoneradas dos Centros de Educa\u00e7\u00e3o Infantil de Caruaru"},"content":{"rendered":"<div class=\"separator\" style=\"clear: both; text-align: center;\">\n<a href=\"https:\/\/2.bp.blogspot.com\/-LYeUu34addA\/WIu5IDCKpDI\/AAAAAAAAOOE\/rBYpcZtb8GoXltlrl6HUuwCBIBxjay3DwCLcB\/s1600\/creche.jpg\" imageanchor=\"1\" style=\"margin-left: 1em; margin-right: 1em;\"><img loading=\"lazy\" decoding=\"async\" border=\"0\" height=\"240\" src=\"http:\/\/blogdoedvaldomagalhaes.com.br\/wp-content\/uploads\/2017\/01\/creche.jpg\" width=\"400\" \/><\/a><\/div>\n<div class=\"separator\" style=\"clear: both; text-align: center;\">\nFoto ilustrativa<\/div>\n<div style=\"text-align: justify;\">\n<\/div>\n<div style=\"text-align: justify;\">\nNesta sexta-feira (27) treze crecheiras foram exoneradas e duas destitu\u00eddas, pois s\u00e3o efetivas, dos cargos de gestoras dos Centro de Educa\u00e7\u00e3o Infantil de Caruaru. Confira abaixo:<\/p>\n<p><b>Marluce Flor\u00eancio<\/b> do Centro de Educa\u00e7\u00e3o Infantil Erica Patr\u00edcia, no bairro Santa Rosa<\/div>\n<div style=\"text-align: justify;\">\n<b>Z\u00e9lia Flor\u00eancio<\/b> do Centro Educacional Infantil Justina de Freitas, no bairro Vassoural<\/div>\n<div style=\"text-align: justify;\">\n<b>F\u00e1tima Lopes <\/b>do Centro de Educa\u00e7\u00e3o Infantil Tia Clarice, no bairro Maur\u00edcio de Nassau<\/div>\n<div style=\"text-align: justify;\">\n<b>Fabiana<\/b> do Centro Educacional Infantil Tia Carminha, no bairro Centen\u00e1rio<\/div>\n<div style=\"text-align: justify;\">\n<b>Motinha<\/b> do Centro de Educa\u00e7\u00e3o Infantil Nerine Francisca de Carvalho, na Vila Rafael<\/div>\n<div style=\"text-align: justify;\">\n<b>Soraia<\/b> do Centro Educacional Infantil Leopoldina Queiroz de Lima, no bairro Cedro<\/div>\n<div style=\"text-align: justify;\">\n<b>Dilma Fran\u00e7a<\/b> do Centro Educacional Infantil Flora Bezerra, no bairro Salgado<\/div>\n<div style=\"text-align: justify;\">\n<b>Nilda<\/b> do Centro de Educa\u00e7\u00e3o Infantil Babu<\/div>\n<div style=\"text-align: justify;\">\n<b>Bernadete Guedes<\/b> do Centro de Educa\u00e7\u00e3o Infantil Professora Maria do Carmo Queiroz<\/div>\n<div style=\"text-align: justify;\">\n<b>F\u00e1tima Pimentel<\/b> do Centro de Educa\u00e7\u00e3o Infantil Tia Malude, no bairro Maria Gorete<\/div>\n<div style=\"text-align: justify;\">\n<b>Ros\u00e1rio<\/b> do Centro de Educa\u00e7\u00e3o Infantil Severina Maria do Carmo (Dona Biu), no bairro Inocoop<br \/>\n<b>Cristiane Val\u00e9ria (destituida)<\/b> do Centro&nbsp;de Educa\u00e7\u00e3o Infantil&nbsp;Prof. Maria de Lourdes Nascimento Pontes, no bairro Jos\u00e9 Carlos de Oliveira<\/div>\n<div style=\"text-align: justify;\">\n<b>Aparecida Bezerra (destituida)<\/b> do Centro de Educa\u00e7\u00e3o Infantil Anast\u00e1cio Rodrigues, no bairro S\u00e3o Jo\u00e3o da Esc\u00f3cia<\/div>\n<div style=\"text-align: justify;\">\n<b>Maria da Paz<\/b>&nbsp;do Centro de Educa\u00e7\u00e3o Infantil Helena Martins, no bairro Rendeiras<br \/>\n<b>L\u00facia <\/b>do&nbsp;Centro de Educa\u00e7\u00e3o Infantil Heleno Cumaru<\/div>\n","protected":false},"excerpt":{"rendered":"<p>Foto ilustrativa Nesta sexta-feira (27) treze crecheiras foram exoneradas e duas destitu\u00eddas, pois s\u00e3o efetivas, dos cargos de gestoras dos&hellip;<\/p>\n","protected":false},"author":1,"featured_media":0,"comment_status":"open","ping_status":"open","sticky":false,"template":"","format":"standard","meta":{"footnotes":""},"categories":[1],"tags":[2,9507,20],"class_list":["post-6939","post","type-post","status-publish","format-standard","hentry","category-sem-categoria","tag-blog-do-edvaldo-magalhaes","tag-exoneradas-gestoras-crecheiras-dos-centro-de-educacao-infantil-de-caruaru","tag-politica"],"_links":{"self":[{"href":"https:\/\/blogdoedvaldomagalhaes.com.br\/index.php\/wp-json\/wp\/v2\/posts\/6939","targetHints":{"allow":["GET"]}}],"collection":[{"href":"https:\/\/blogdoedvaldomagalhaes.com.br\/index.php\/wp-json\/wp\/v2\/posts"}],"about":[{"href":"https:\/\/blogdoedvaldomagalhaes.com.br\/index.php\/wp-json\/wp\/v2\/types\/post"}],"author":[{"embeddable":true,"href":"https:\/\/blogdoedvaldomagalhaes.com.br\/index.php\/wp-json\/wp\/v2\/users\/1"}],"replies":[{"embeddable":true,"href":"https:\/\/blogdoedvaldomagalhaes.com.br\/index.php\/wp-json\/wp\/v2\/comments?post=6939"}],"version-history":[{"count":1,"href":"https:\/\/blogdoedvaldomagalhaes.com.br\/index.php\/wp-json\/wp\/v2\/posts\/6939\/revisions"}],"predecessor-version":[{"id":16364,"href":"https:\/\/blogdoedvaldomagalhaes.com.br\/index.php\/wp-json\/wp\/v2\/posts\/6939\/revisions\/16364"}],"wp:attachment":[{"href":"https:\/\/blogdoedvaldomagalhaes.com.br\/index.php\/wp-json\/wp\/v2\/media?parent=6939"}],"wp:term":[{"taxonomy":"category","embeddable":true,"href":"https:\/\/blogdoedvaldomagalhaes.com.br\/index.php\/wp-json\/wp\/v2\/categories?post=6939"},{"taxonomy":"post_tag","embeddable":true,"href":"https:\/\/blogdoedvaldomagalhaes.com.br\/index.php\/wp-json\/wp\/v2\/tags?post=6939"}],"curies":[{"name":"wp","href":"https:\/\/api.w.org\/{rel}","templated":true}]}}