{"id":6938,"date":"2017-01-28T01:18:00","date_gmt":"2017-01-28T03:18:00","guid":{"rendered":"http:\/\/blogdoedvaldomagalhaes.com.br\/index.php\/2017\/01\/28\/motociclista-assassinado-tiros-e\/"},"modified":"2019-02-09T01:15:05","modified_gmt":"2019-02-09T03:15:05","slug":"motociclista-assassinado-tiros-e","status":"publish","type":"post","link":"https:\/\/blogdoedvaldomagalhaes.com.br\/index.php\/2017\/01\/28\/motociclista-assassinado-tiros-e\/","title":{"rendered":"Motociclista assassinado a tiros em Caruaru"},"content":{"rendered":"<div class=\"separator\" style=\"clear: both; text-align: center;\">\n<a href=\"https:\/\/2.bp.blogspot.com\/-gOYO_q_p53A\/WIvw6VvPkUI\/AAAAAAAAOO0\/rUMuR4Gnb98dosQNqCoRJ07ioHRnyrz7gCLcB\/s1600\/crime.jpg\" imageanchor=\"1\" style=\"margin-left: 1em; margin-right: 1em;\"><img loading=\"lazy\" decoding=\"async\" border=\"0\" height=\"400\" src=\"http:\/\/blogdoedvaldomagalhaes.com.br\/wp-content\/uploads\/2017\/01\/crime-5.jpg\" width=\"225\" \/><\/a><\/div>\n<div class=\"separator\" style=\"clear: both; text-align: center;\">\nFoto: Reprodu\u00e7\u00e3o\/WhatsApp<\/div>\n<div class=\"separator\" style=\"clear: both; text-align: center;\">\n<\/div>\n<div class=\"separator\" style=\"clear: both; text-align: justify;\">\nO motociclista de nome Edson Evaristo Chaves, 42 anos, conhecido por Vaqueiro, que residia no bairro Jardim Panorama, estava guiando sua moto por volta das 22h desta sexta-feira (27), na rua Santa Maria da Boa Vista, no Panorama, quando dois elementos em uma outra moto se aproximaram e o garupa efetuou v\u00e1rios disparos de arma de fogo na v\u00edtima, que morreu no local, nenhum pertence da v\u00edtima foi levada pelos acusados. A esposa e um filho estiveram no local do crime. De acordo com populares, a v\u00edtima comercializava cavalos, e frequentava a Igreja Assembl\u00e9ia de Deus, no bairro Sol Poente. O corpo foi encaminhado para o IML.<\/div>\n<div class=\"separator\" style=\"clear: both; text-align: justify;\">\n<\/div>\n<div class=\"separator\" style=\"clear: both; text-align: center;\">\n<a href=\"https:\/\/2.bp.blogspot.com\/-MAs_6Prh0Bo\/WIv1GbupdtI\/AAAAAAAAOPA\/RR_J3WREUSoc1u45u0fFApMMAyoln0FigCLcB\/s1600\/vitima.jpg\" imageanchor=\"1\" style=\"margin-left: 1em; margin-right: 1em;\"><img loading=\"lazy\" decoding=\"async\" border=\"0\" height=\"400\" src=\"http:\/\/blogdoedvaldomagalhaes.com.br\/wp-content\/uploads\/2017\/01\/vitima.jpg\" width=\"400\" \/><\/a><\/div>\n<div class=\"separator\" style=\"clear: both; text-align: justify;\">\n<\/div>\n<div class=\"separator\" style=\"clear: both; text-align: justify;\">\nEste \u00e9 o 16\u00ba homic\u00eddio neste ano em Caruaru.<\/div>\n<div style=\"text-align: justify;\">\n<\/div>\n","protected":false},"excerpt":{"rendered":"<p>Foto: Reprodu\u00e7\u00e3o\/WhatsApp O motociclista de nome Edson Evaristo Chaves, 42 anos, conhecido por Vaqueiro, que residia no bairro Jardim Panorama,&hellip;<\/p>\n","protected":false},"author":1,"featured_media":0,"comment_status":"open","ping_status":"open","sticky":false,"template":"","format":"standard","meta":{"footnotes":""},"categories":[1],"tags":[7083,2,9506,13],"class_list":["post-6938","post","type-post","status-publish","format-standard","hentry","category-sem-categoria","tag-bairro-jardim-panorama","tag-blog-do-edvaldo-magalhaes","tag-motociclista-assassinado-a-tiros-em-caruaru","tag-policial"],"_links":{"self":[{"href":"https:\/\/blogdoedvaldomagalhaes.com.br\/index.php\/wp-json\/wp\/v2\/posts\/6938","targetHints":{"allow":["GET"]}}],"collection":[{"href":"https:\/\/blogdoedvaldomagalhaes.com.br\/index.php\/wp-json\/wp\/v2\/posts"}],"about":[{"href":"https:\/\/blogdoedvaldomagalhaes.com.br\/index.php\/wp-json\/wp\/v2\/types\/post"}],"author":[{"embeddable":true,"href":"https:\/\/blogdoedvaldomagalhaes.com.br\/index.php\/wp-json\/wp\/v2\/users\/1"}],"replies":[{"embeddable":true,"href":"https:\/\/blogdoedvaldomagalhaes.com.br\/index.php\/wp-json\/wp\/v2\/comments?post=6938"}],"version-history":[{"count":1,"href":"https:\/\/blogdoedvaldomagalhaes.com.br\/index.php\/wp-json\/wp\/v2\/posts\/6938\/revisions"}],"predecessor-version":[{"id":16367,"href":"https:\/\/blogdoedvaldomagalhaes.com.br\/index.php\/wp-json\/wp\/v2\/posts\/6938\/revisions\/16367"}],"wp:attachment":[{"href":"https:\/\/blogdoedvaldomagalhaes.com.br\/index.php\/wp-json\/wp\/v2\/media?parent=6938"}],"wp:term":[{"taxonomy":"category","embeddable":true,"href":"https:\/\/blogdoedvaldomagalhaes.com.br\/index.php\/wp-json\/wp\/v2\/categories?post=6938"},{"taxonomy":"post_tag","embeddable":true,"href":"https:\/\/blogdoedvaldomagalhaes.com.br\/index.php\/wp-json\/wp\/v2\/tags?post=6938"}],"curies":[{"name":"wp","href":"https:\/\/api.w.org\/{rel}","templated":true}]}}