{"id":6937,"date":"2017-01-28T11:00:00","date_gmt":"2017-01-28T13:00:00","guid":{"rendered":"http:\/\/blogdoedvaldomagalhaes.com.br\/index.php\/2017\/01\/28\/caruaru-sediara-evento-sobre-internet-e\/"},"modified":"2019-02-09T01:15:07","modified_gmt":"2019-02-09T03:15:07","slug":"caruaru-sediara-evento-sobre-internet-e","status":"publish","type":"post","link":"https:\/\/blogdoedvaldomagalhaes.com.br\/index.php\/2017\/01\/28\/caruaru-sediara-evento-sobre-internet-e\/","title":{"rendered":"Caruaru sediar\u00e1 evento sobre internet e comunica\u00e7\u00e3o"},"content":{"rendered":"<div class=\"separator\" style=\"clear: both; text-align: center;\">\n<a href=\"https:\/\/4.bp.blogspot.com\/-V4GNL1RfE3g\/WIuSrNHMJoI\/AAAAAAAAOMg\/TOTXLRq0wTAUr5RgluONg1iKufKDr_WbACLcB\/s1600\/DigieTal.jpeg\" imageanchor=\"1\" style=\"margin-left: 1em; margin-right: 1em;\"><img loading=\"lazy\" decoding=\"async\" border=\"0\" height=\"213\" src=\"http:\/\/blogdoedvaldomagalhaes.com.br\/wp-content\/uploads\/2017\/01\/DigieTal.jpeg\" width=\"400\" \/><\/a><\/div>\n<p><\/p>\n<div style=\"text-align: justify;\">\nQuem curte produzir ou consumir conte\u00fado de internet em Caruaru tem mais um motivo para se animar. A cidade recebe, no dia 8 de abril (s\u00e1bado) o &#8220;Digi e Tal&#8221;, um evento que vai discutir as tend\u00eancias e novidades do mundo digital com foco em produtores de conte\u00fado, jornalistas, publicit\u00e1rios, estudantes e demais interessados no assunto.<\/div>\n<div style=\"text-align: justify;\">\n<\/div>\n<div style=\"text-align: justify;\">\nEntre os convidados j\u00e1 confirmados est\u00e3o:&nbsp;<\/div>\n<div style=\"text-align: justify;\">\n<\/div>\n<div style=\"text-align: justify;\">\nRodolfo Assis &#8211; Criador do Hipster Recifense, que est\u00e1 no ar desde 2012. Atualmente, conta com mais de 100 mil seguidores nas redes sociais.<\/div>\n<div style=\"text-align: justify;\">\nLu\u00eds Henrique &#8211; Criador da p\u00e1gina Um Nordestino Disse, que est\u00e1 no ar desde 2013 e tem mais de 450 mil seguidores nas redes sociais.<\/div>\n<div style=\"text-align: justify;\">\nNilsinho Filho &#8211; Um dos criadores e social m\u00eddia do Ibismania desde 2012. A p\u00e1gina possui mais de 180 mil seguidores nas redes sociais.<\/div>\n<div style=\"text-align: justify;\">\n<\/div>\n<div style=\"text-align: justify;\">\nEm breve, outros nomes ser\u00e3o divulgados. Eles contar\u00e3o sobre sua experi\u00eancia na \u00e1rea digital e estar\u00e3o presentes em mesas de debates.<\/div>\n","protected":false},"excerpt":{"rendered":"<p>Quem curte produzir ou consumir conte\u00fado de internet em Caruaru tem mais um motivo para se animar. A cidade recebe,&hellip;<\/p>\n","protected":false},"author":1,"featured_media":0,"comment_status":"open","ping_status":"open","sticky":false,"template":"","format":"standard","meta":{"footnotes":""},"categories":[1],"tags":[2,9502,9503,9504,6,9505],"class_list":["post-6937","post","type-post","status-publish","format-standard","hentry","category-sem-categoria","tag-blog-do-edvaldo-magalhaes","tag-caruaru-sediara-evento-sobre-internet-e-comunicacao","tag-luis-henrique","tag-nilsinho-filho","tag-noticias","tag-rodolfo-assis"],"_links":{"self":[{"href":"https:\/\/blogdoedvaldomagalhaes.com.br\/index.php\/wp-json\/wp\/v2\/posts\/6937","targetHints":{"allow":["GET"]}}],"collection":[{"href":"https:\/\/blogdoedvaldomagalhaes.com.br\/index.php\/wp-json\/wp\/v2\/posts"}],"about":[{"href":"https:\/\/blogdoedvaldomagalhaes.com.br\/index.php\/wp-json\/wp\/v2\/types\/post"}],"author":[{"embeddable":true,"href":"https:\/\/blogdoedvaldomagalhaes.com.br\/index.php\/wp-json\/wp\/v2\/users\/1"}],"replies":[{"embeddable":true,"href":"https:\/\/blogdoedvaldomagalhaes.com.br\/index.php\/wp-json\/wp\/v2\/comments?post=6937"}],"version-history":[{"count":1,"href":"https:\/\/blogdoedvaldomagalhaes.com.br\/index.php\/wp-json\/wp\/v2\/posts\/6937\/revisions"}],"predecessor-version":[{"id":16369,"href":"https:\/\/blogdoedvaldomagalhaes.com.br\/index.php\/wp-json\/wp\/v2\/posts\/6937\/revisions\/16369"}],"wp:attachment":[{"href":"https:\/\/blogdoedvaldomagalhaes.com.br\/index.php\/wp-json\/wp\/v2\/media?parent=6937"}],"wp:term":[{"taxonomy":"category","embeddable":true,"href":"https:\/\/blogdoedvaldomagalhaes.com.br\/index.php\/wp-json\/wp\/v2\/categories?post=6937"},{"taxonomy":"post_tag","embeddable":true,"href":"https:\/\/blogdoedvaldomagalhaes.com.br\/index.php\/wp-json\/wp\/v2\/tags?post=6937"}],"curies":[{"name":"wp","href":"https:\/\/api.w.org\/{rel}","templated":true}]}}