{"id":6936,"date":"2017-01-28T21:18:00","date_gmt":"2017-01-28T23:18:00","guid":{"rendered":"http:\/\/blogdoedvaldomagalhaes.com.br\/index.php\/2017\/01\/28\/proprietario-de-mercadinho-e\/"},"modified":"2019-02-09T01:15:08","modified_gmt":"2019-02-09T03:15:08","slug":"proprietario-de-mercadinho-e","status":"publish","type":"post","link":"https:\/\/blogdoedvaldomagalhaes.com.br\/index.php\/2017\/01\/28\/proprietario-de-mercadinho-e\/","title":{"rendered":"Propriet\u00e1rio de Mercadinho assassinado no munic\u00edpio de Caruaru"},"content":{"rendered":"<div class=\"separator\" style=\"clear: both; text-align: center;\">\n<\/div>\n<div>\n<\/div>\n<div class=\"separator\" style=\"clear: both; text-align: center;\">\n<a href=\"https:\/\/4.bp.blogspot.com\/-T_jsYrESgSE\/WI0ujrOisEI\/AAAAAAAAOQI\/VkG_x3Jk2FAaMeObXfEoVjZhETL3hhbdACLcB\/s1600\/crime%2B0.jpg\" imageanchor=\"1\" style=\"margin-left: 1em; margin-right: 1em;\"><img loading=\"lazy\" decoding=\"async\" border=\"0\" height=\"400\" src=\"http:\/\/blogdoedvaldomagalhaes.com.br\/wp-content\/uploads\/2017\/01\/crime0.jpg\" width=\"225\" \/><\/a><\/div>\n<div class=\"separator\" style=\"clear: both; text-align: center;\">\nFoto: Reprodu\u00e7\u00e3o\/WhatsApp<\/div>\n<p><\/p>\n<div>\n<div style=\"margin-bottom: .0001pt; margin: 0cm; text-align: justify;\">\nO primeiro homic\u00eddio deste s\u00e1bado (28) foi registrado na zona&nbsp;rural de Caruaru, na Vila Cana\u00e3. A v\u00edtima foi George&nbsp;Ferreira<br \/>\nda Silva, conhecido por Jorge, de 41 anos. O mesmo estava em um mercadinho em que \u00e9 propriet\u00e1rio,<br \/>\nquando por volta das 7h30 da manh\u00e3, chegaram tr\u00eas elementos em duas motos, mandaram sua esposa se<br \/>\nafastar e o assassinaram com v\u00e1rios tiros, depois derrubaram as estantes e quebraram alguns ovos no ch\u00e3o, se evadindo em seguida. Segundo informa\u00e7\u00f5es da pol\u00edcia, &nbsp;George j\u00e1 havia<br \/>\ncometido um homic\u00eddio, e familiares disseram que ele era bem quisto na comunidade, mas que tinha uma rixa antiga com alguns elementos em um s\u00edtio pr\u00f3ximo.&nbsp;O corpo foi encaminhado<br \/>\npara o Instituto de Medicina Legal (IML).<\/p>\n<\/div>\n<div style=\"margin-bottom: .0001pt; margin: 0cm; text-align: justify;\">\n<div class=\"separator\" style=\"clear: both; text-align: center;\">\n<a href=\"https:\/\/4.bp.blogspot.com\/-ekA4D5wf4Hw\/WI0u1EZ8DiI\/AAAAAAAAOQQ\/7HWgtWq5IuYVhq-fJcbruZUcAFI5JRPLgCLcB\/s1600\/crime%2B01.jpg\" imageanchor=\"1\" style=\"margin-left: 1em; margin-right: 1em;\"><img loading=\"lazy\" decoding=\"async\" border=\"0\" height=\"400\" src=\"http:\/\/blogdoedvaldomagalhaes.com.br\/wp-content\/uploads\/2017\/01\/crime01.jpg\" width=\"300\" \/><\/a><\/div>\n<\/div>\n<p><\/p>\n<div style=\"margin: 0cm 0cm 0.0001pt; text-align: justify;\">\nEste \u00e9 o 17\u00ba homic\u00eddio neste ano em<br \/>\nCaruaru.<\/div>\n<\/div>\n","protected":false},"excerpt":{"rendered":"<p>Foto: Reprodu\u00e7\u00e3o\/WhatsApp O primeiro homic\u00eddio deste s\u00e1bado (28) foi registrado na zona&nbsp;rural de Caruaru, na Vila Cana\u00e3. A v\u00edtima foi&hellip;<\/p>\n","protected":false},"author":1,"featured_media":0,"comment_status":"open","ping_status":"open","sticky":false,"template":"","format":"standard","meta":{"footnotes":""},"categories":[1],"tags":[2,3149,13,9501,3936],"class_list":["post-6936","post","type-post","status-publish","format-standard","hentry","category-sem-categoria","tag-blog-do-edvaldo-magalhaes","tag-iml","tag-policial","tag-proprietario-de-mercadinho-assassinado-no-municipio-de-caruaru","tag-vila-canaa"],"_links":{"self":[{"href":"https:\/\/blogdoedvaldomagalhaes.com.br\/index.php\/wp-json\/wp\/v2\/posts\/6936","targetHints":{"allow":["GET"]}}],"collection":[{"href":"https:\/\/blogdoedvaldomagalhaes.com.br\/index.php\/wp-json\/wp\/v2\/posts"}],"about":[{"href":"https:\/\/blogdoedvaldomagalhaes.com.br\/index.php\/wp-json\/wp\/v2\/types\/post"}],"author":[{"embeddable":true,"href":"https:\/\/blogdoedvaldomagalhaes.com.br\/index.php\/wp-json\/wp\/v2\/users\/1"}],"replies":[{"embeddable":true,"href":"https:\/\/blogdoedvaldomagalhaes.com.br\/index.php\/wp-json\/wp\/v2\/comments?post=6936"}],"version-history":[{"count":1,"href":"https:\/\/blogdoedvaldomagalhaes.com.br\/index.php\/wp-json\/wp\/v2\/posts\/6936\/revisions"}],"predecessor-version":[{"id":16372,"href":"https:\/\/blogdoedvaldomagalhaes.com.br\/index.php\/wp-json\/wp\/v2\/posts\/6936\/revisions\/16372"}],"wp:attachment":[{"href":"https:\/\/blogdoedvaldomagalhaes.com.br\/index.php\/wp-json\/wp\/v2\/media?parent=6936"}],"wp:term":[{"taxonomy":"category","embeddable":true,"href":"https:\/\/blogdoedvaldomagalhaes.com.br\/index.php\/wp-json\/wp\/v2\/categories?post=6936"},{"taxonomy":"post_tag","embeddable":true,"href":"https:\/\/blogdoedvaldomagalhaes.com.br\/index.php\/wp-json\/wp\/v2\/tags?post=6936"}],"curies":[{"name":"wp","href":"https:\/\/api.w.org\/{rel}","templated":true}]}}