{"id":6935,"date":"2017-01-28T23:23:00","date_gmt":"2017-01-29T01:23:00","guid":{"rendered":"http:\/\/blogdoedvaldomagalhaes.com.br\/index.php\/2017\/01\/28\/vitima-de-homicidio-encontrada-dentro\/"},"modified":"2019-02-09T01:15:08","modified_gmt":"2019-02-09T03:15:08","slug":"vitima-de-homicidio-encontrada-dentro","status":"publish","type":"post","link":"https:\/\/blogdoedvaldomagalhaes.com.br\/index.php\/2017\/01\/28\/vitima-de-homicidio-encontrada-dentro\/","title":{"rendered":"V\u00edtima de homic\u00eddio encontrada dentro de condom\u00ednio em Caruaru"},"content":{"rendered":"<div class=\"separator\" style=\"clear: both; text-align: center;\">\n<a href=\"https:\/\/3.bp.blogspot.com\/-Sq1sH25d5jY\/WI0mx6QjO-I\/AAAAAAAAOPw\/DU6y5Qz24lk6aUVQlxIL_Ry5zhvTte_fQCLcB\/s1600\/conde.jpg\" imageanchor=\"1\" style=\"margin-left: 1em; margin-right: 1em;\"><img loading=\"lazy\" decoding=\"async\" border=\"0\" height=\"400\" src=\"http:\/\/blogdoedvaldomagalhaes.com.br\/wp-content\/uploads\/2017\/01\/conde.jpg\" width=\"225\" \/><\/a><\/div>\n<div class=\"separator\" style=\"clear: both; text-align: center;\">\nFoto: Reprodu\u00e7\u00e3o\/WhatsApp<\/div>\n<div class=\"separator\" style=\"clear: both; text-align: justify;\">\n<\/div>\n<div class=\"separator\" style=\"clear: both; text-align: justify;\">\nO segundo homic\u00eddio deste s\u00e1bado s\u00e1bado (28), em Caruaru, v\u00edtimou foi Maciel Jos\u00e9 da Silva, conhecido por Ciel, de 32 anos, que era casado, &nbsp;trabalhava na agricultura e morava no s\u00edtio Azev\u00e9m, zona rural de Caruaru. O corpo foi localizado dentro de condom\u00ednio que fica em frente ao Hospital Regional do Agreste (HRA).&nbsp;Ele foi morto a tiros e deixou tr\u00eas filhos.&nbsp;A v\u00edtima voltava da feira livre do Parque 18 de Maio, estava com algumas compras e voltava para a sua casa a p\u00e9, apesar de morar a alguns quil\u00f4metros e como na \u00e1rea onde foi morto n\u00e3o existe nenhuma moradia, ele acabou se tornando um alvo f\u00e1cil para os assassinos.<\/div>\n<div class=\"separator\" style=\"clear: both; text-align: justify;\">\n<\/div>\n<div class=\"separator\" style=\"clear: both; text-align: center;\">\n<a href=\"https:\/\/2.bp.blogspot.com\/-OSy3v-HR3sE\/WI3tuGQ72aI\/AAAAAAAAORc\/KXlDFOLYdUgerRuDaLsErLnyrOhoFS7RQCLcB\/s1600\/agricultor.JPG\" imageanchor=\"1\" style=\"margin-left: 1em; margin-right: 1em;\"><img loading=\"lazy\" decoding=\"async\" border=\"0\" height=\"400\" src=\"http:\/\/blogdoedvaldomagalhaes.com.br\/wp-content\/uploads\/2017\/01\/agricultor.jpg\" width=\"306\" \/><\/a><\/div>\n<div class=\"separator\" style=\"clear: both; text-align: center;\">\n<\/div>\n<div class=\"separator\" style=\"clear: both; text-align: justify;\">\nEste foi o 18\u00ba homic\u00eddio em Caruaru neste ano.<\/div>\n","protected":false},"excerpt":{"rendered":"<p>Foto: Reprodu\u00e7\u00e3o\/WhatsApp O segundo homic\u00eddio deste s\u00e1bado s\u00e1bado (28), em Caruaru, v\u00edtimou foi Maciel Jos\u00e9 da Silva, conhecido por Ciel,&hellip;<\/p>\n","protected":false},"author":1,"featured_media":0,"comment_status":"open","ping_status":"open","sticky":false,"template":"","format":"standard","meta":{"footnotes":""},"categories":[1],"tags":[2,312,2083,13,9500],"class_list":["post-6935","post","type-post","status-publish","format-standard","hentry","category-sem-categoria","tag-blog-do-edvaldo-magalhaes","tag-hospital-regional-do-agreste","tag-hra","tag-policial","tag-vitima-de-homicidio-encontrada-dentro-de-condominio-em-caruaru"],"_links":{"self":[{"href":"https:\/\/blogdoedvaldomagalhaes.com.br\/index.php\/wp-json\/wp\/v2\/posts\/6935","targetHints":{"allow":["GET"]}}],"collection":[{"href":"https:\/\/blogdoedvaldomagalhaes.com.br\/index.php\/wp-json\/wp\/v2\/posts"}],"about":[{"href":"https:\/\/blogdoedvaldomagalhaes.com.br\/index.php\/wp-json\/wp\/v2\/types\/post"}],"author":[{"embeddable":true,"href":"https:\/\/blogdoedvaldomagalhaes.com.br\/index.php\/wp-json\/wp\/v2\/users\/1"}],"replies":[{"embeddable":true,"href":"https:\/\/blogdoedvaldomagalhaes.com.br\/index.php\/wp-json\/wp\/v2\/comments?post=6935"}],"version-history":[{"count":1,"href":"https:\/\/blogdoedvaldomagalhaes.com.br\/index.php\/wp-json\/wp\/v2\/posts\/6935\/revisions"}],"predecessor-version":[{"id":16375,"href":"https:\/\/blogdoedvaldomagalhaes.com.br\/index.php\/wp-json\/wp\/v2\/posts\/6935\/revisions\/16375"}],"wp:attachment":[{"href":"https:\/\/blogdoedvaldomagalhaes.com.br\/index.php\/wp-json\/wp\/v2\/media?parent=6935"}],"wp:term":[{"taxonomy":"category","embeddable":true,"href":"https:\/\/blogdoedvaldomagalhaes.com.br\/index.php\/wp-json\/wp\/v2\/categories?post=6935"},{"taxonomy":"post_tag","embeddable":true,"href":"https:\/\/blogdoedvaldomagalhaes.com.br\/index.php\/wp-json\/wp\/v2\/tags?post=6935"}],"curies":[{"name":"wp","href":"https:\/\/api.w.org\/{rel}","templated":true}]}}