{"id":6934,"date":"2017-01-28T23:31:00","date_gmt":"2017-01-29T01:31:00","guid":{"rendered":"http:\/\/blogdoedvaldomagalhaes.com.br\/index.php\/2017\/01\/28\/crime-de-morte-no-bairro-sao-joao-da\/"},"modified":"2019-02-09T01:15:09","modified_gmt":"2019-02-09T03:15:09","slug":"crime-de-morte-no-bairro-sao-joao-da","status":"publish","type":"post","link":"https:\/\/blogdoedvaldomagalhaes.com.br\/index.php\/2017\/01\/28\/crime-de-morte-no-bairro-sao-joao-da\/","title":{"rendered":"Crime de morte no bairro S\u00e3o Jo\u00e3o da Esc\u00f3cia em Caruaru"},"content":{"rendered":"<div style=\"background-color: white; color: #1d2129; font-family: Helvetica, Arial, sans-serif; font-size: 14px; margin-bottom: 6px;\">\n<div class=\"separator\" style=\"clear: both; text-align: center;\">\n<a href=\"https:\/\/4.bp.blogspot.com\/-806lvzi1I0c\/WI0p4z8uROI\/AAAAAAAAOP8\/ypP2gSgd05ATOSYZT9hk9Yde8WcY26C2gCLcB\/s1600\/vitima.jpg\" imageanchor=\"1\" style=\"margin-left: 1em; margin-right: 1em;\"><img loading=\"lazy\" decoding=\"async\" border=\"0\" height=\"400\" src=\"http:\/\/blogdoedvaldomagalhaes.com.br\/wp-content\/uploads\/2017\/01\/vitima-1.jpg\" width=\"221\" \/><\/a><\/div>\n<p><\/div>\n<div style=\"background-color: white; display: inline; margin-top: 6px;\">\n<\/p>\n<div style=\"text-align: justify;\">\nO terceiro assassinato deste s\u00e1bado (28), ocorreu na na 3\u00b0 Travessa S\u00e3o Jo\u00e3o da Esc\u00f3cia, pr\u00f3ximo a Escola Jesu\u00edna Pereira Rego. De acordo com a pol\u00edcia, a v\u00edtima era conhecida por Miro, natural de S\u00e3o Caetano, mas, residia na rua da Lata 2 h\u00e1 uns quatros, sendo assassinada a tiros, e ao lado do corpo foi encontrada a sua bicicleta. O local onde ele foi morto fica ao lado de um matagal e a uns 200 metros da Rua da Lata 2.<\/p>\n<p><\/p>\n<div class=\"separator\" style=\"clear: both; text-align: center;\">\n<a href=\"https:\/\/1.bp.blogspot.com\/-Qhgka4r9kuI\/WI3ss6yzNkI\/AAAAAAAAORQ\/HC_DhexiTZA6vk7Z7mRscXrvkbbq1PiqgCLcB\/s1600\/pm.JPG\" imageanchor=\"1\" style=\"margin-left: 1em; margin-right: 1em;\"><img loading=\"lazy\" decoding=\"async\" border=\"0\" height=\"265\" src=\"http:\/\/blogdoedvaldomagalhaes.com.br\/wp-content\/uploads\/2017\/01\/pm-1.jpg\" width=\"400\" \/><\/a><\/div>\n<p>\n&nbsp;Este foi o 19\u00ba homic\u00eddio deste ano em Caruaru.<\/div>\n<\/div>\n","protected":false},"excerpt":{"rendered":"<p>O terceiro assassinato deste s\u00e1bado (28), ocorreu na na 3\u00b0 Travessa S\u00e3o Jo\u00e3o da Esc\u00f3cia, pr\u00f3ximo a Escola Jesu\u00edna Pereira&hellip;<\/p>\n","protected":false},"author":1,"featured_media":0,"comment_status":"open","ping_status":"open","sticky":false,"template":"","format":"standard","meta":{"footnotes":""},"categories":[1],"tags":[2,9499,13],"class_list":["post-6934","post","type-post","status-publish","format-standard","hentry","category-sem-categoria","tag-blog-do-edvaldo-magalhaes","tag-crime-de-morte-no-bairro-sao-joao-da-escocia-em-caruaru","tag-policial"],"_links":{"self":[{"href":"https:\/\/blogdoedvaldomagalhaes.com.br\/index.php\/wp-json\/wp\/v2\/posts\/6934","targetHints":{"allow":["GET"]}}],"collection":[{"href":"https:\/\/blogdoedvaldomagalhaes.com.br\/index.php\/wp-json\/wp\/v2\/posts"}],"about":[{"href":"https:\/\/blogdoedvaldomagalhaes.com.br\/index.php\/wp-json\/wp\/v2\/types\/post"}],"author":[{"embeddable":true,"href":"https:\/\/blogdoedvaldomagalhaes.com.br\/index.php\/wp-json\/wp\/v2\/users\/1"}],"replies":[{"embeddable":true,"href":"https:\/\/blogdoedvaldomagalhaes.com.br\/index.php\/wp-json\/wp\/v2\/comments?post=6934"}],"version-history":[{"count":1,"href":"https:\/\/blogdoedvaldomagalhaes.com.br\/index.php\/wp-json\/wp\/v2\/posts\/6934\/revisions"}],"predecessor-version":[{"id":16378,"href":"https:\/\/blogdoedvaldomagalhaes.com.br\/index.php\/wp-json\/wp\/v2\/posts\/6934\/revisions\/16378"}],"wp:attachment":[{"href":"https:\/\/blogdoedvaldomagalhaes.com.br\/index.php\/wp-json\/wp\/v2\/media?parent=6934"}],"wp:term":[{"taxonomy":"category","embeddable":true,"href":"https:\/\/blogdoedvaldomagalhaes.com.br\/index.php\/wp-json\/wp\/v2\/categories?post=6934"},{"taxonomy":"post_tag","embeddable":true,"href":"https:\/\/blogdoedvaldomagalhaes.com.br\/index.php\/wp-json\/wp\/v2\/tags?post=6934"}],"curies":[{"name":"wp","href":"https:\/\/api.w.org\/{rel}","templated":true}]}}