{"id":6928,"date":"2017-01-29T16:00:00","date_gmt":"2017-01-29T18:00:00","guid":{"rendered":"http:\/\/blogdoedvaldomagalhaes.com.br\/index.php\/2017\/01\/29\/casa-arrombada-em-caruaru-em-plena-luz\/"},"modified":"2019-02-09T01:15:11","modified_gmt":"2019-02-09T03:15:11","slug":"casa-arrombada-em-caruaru-em-plena-luz","status":"publish","type":"post","link":"https:\/\/blogdoedvaldomagalhaes.com.br\/index.php\/2017\/01\/29\/casa-arrombada-em-caruaru-em-plena-luz\/","title":{"rendered":"Casa arrombada em Caruaru em plena luz do dia"},"content":{"rendered":"<div class=\"separator\" style=\"clear: both; text-align: center;\">\n<a href=\"https:\/\/2.bp.blogspot.com\/-HalrWL0n34U\/WI4RSMIdzdI\/AAAAAAAAOSc\/cf6kayE-LkI_kyHC1nf8Lh6e40-oTAZZQCLcB\/s1600\/foto.jpg\" imageanchor=\"1\" style=\"margin-left: 1em; margin-right: 1em;\"><img loading=\"lazy\" decoding=\"async\" border=\"0\" height=\"400\" src=\"http:\/\/blogdoedvaldomagalhaes.com.br\/wp-content\/uploads\/2017\/01\/foto-6.jpg\" width=\"400\" \/><\/a><\/div>\n<div class=\"separator\" style=\"clear: both; text-align: center;\">\nFoto ilustrativa<\/div>\n<div style=\"text-align: justify;\">\nUma fam\u00edlia saiu de casa por volta das 9h30 da manh\u00e3 desse s\u00e1bado (28), na rua 55, no bairro Rendeiras, e quando retornou \u00e0s 16h30, se deparou com a casa arrombada e m\u00f3veis revirados. A T\u00e9cnica em Enfermagem, Jana\u00edna Barbosa, desabafou no seu perfil no facebook:<\/div>\n<div style=\"text-align: justify;\">\n<\/div>\n<p><\/p>\n<div style=\"text-align: justify;\">\n&#8220;Hoje tive minha casa invadida, sai cedo de casa com o meu marido e filhas, e ao retornar no fim do dia percebo que tinham arrombado a janela do meu quarto. Al\u00e9m do susto, de v\u00ea portas abertas, ao entrar me deparo com todas as minhas coisas reviradas,jogadas no ch\u00e3o.&nbsp;<\/div>\n<p><\/p>\n<div style=\"text-align: justify;\">\nQue sensa\u00e7\u00e3o horr\u00edvel!<\/div>\n<div style=\"text-align: justify;\">\nUm mister de sentimentos. ..raiva, revolta, impot\u00eancia,, medo&#8230;<\/div>\n<div style=\"text-align: justify;\">\nE no fim disso tudo, ap\u00f3s limpar toda casa, reorganizar e contabilizar os danos, vem aquele medo enorme de dormir no quarto onde foi,a &#8220;porta&#8221; de entrada para os bandidos.&nbsp;<\/div>\n<div style=\"text-align: justify;\">\nPercebo que o lugar onde eu me sentia acolhida e segura, j\u00e1 n\u00e3o existe mais, deu lugar ao medo e inquieta\u00e7\u00e3o.<\/div>\n<div style=\"text-align: justify;\">\nMas, apesar de tudo, sinto gratid\u00e3o por n\u00e3o ter acontecido nada com nenhum de n\u00f3s, , estamos vivos e bem, vamos seguindo&#8221;.<\/div>\n","protected":false},"excerpt":{"rendered":"<p>Foto ilustrativa Uma fam\u00edlia saiu de casa por volta das 9h30 da manh\u00e3 desse s\u00e1bado (28), na rua 55, no&hellip;<\/p>\n","protected":false},"author":1,"featured_media":0,"comment_status":"open","ping_status":"open","sticky":false,"template":"","format":"standard","meta":{"footnotes":""},"categories":[1],"tags":[3759,2,9483,13,9484],"class_list":["post-6928","post","type-post","status-publish","format-standard","hentry","category-sem-categoria","tag-bairro-rendeiras","tag-blog-do-edvaldo-magalhaes","tag-casa-arrombada-em-caruaru-em-plena-luz-do-dia","tag-policial","tag-tecnica-em-enfermagem"],"_links":{"self":[{"href":"https:\/\/blogdoedvaldomagalhaes.com.br\/index.php\/wp-json\/wp\/v2\/posts\/6928","targetHints":{"allow":["GET"]}}],"collection":[{"href":"https:\/\/blogdoedvaldomagalhaes.com.br\/index.php\/wp-json\/wp\/v2\/posts"}],"about":[{"href":"https:\/\/blogdoedvaldomagalhaes.com.br\/index.php\/wp-json\/wp\/v2\/types\/post"}],"author":[{"embeddable":true,"href":"https:\/\/blogdoedvaldomagalhaes.com.br\/index.php\/wp-json\/wp\/v2\/users\/1"}],"replies":[{"embeddable":true,"href":"https:\/\/blogdoedvaldomagalhaes.com.br\/index.php\/wp-json\/wp\/v2\/comments?post=6928"}],"version-history":[{"count":1,"href":"https:\/\/blogdoedvaldomagalhaes.com.br\/index.php\/wp-json\/wp\/v2\/posts\/6928\/revisions"}],"predecessor-version":[{"id":16392,"href":"https:\/\/blogdoedvaldomagalhaes.com.br\/index.php\/wp-json\/wp\/v2\/posts\/6928\/revisions\/16392"}],"wp:attachment":[{"href":"https:\/\/blogdoedvaldomagalhaes.com.br\/index.php\/wp-json\/wp\/v2\/media?parent=6928"}],"wp:term":[{"taxonomy":"category","embeddable":true,"href":"https:\/\/blogdoedvaldomagalhaes.com.br\/index.php\/wp-json\/wp\/v2\/categories?post=6928"},{"taxonomy":"post_tag","embeddable":true,"href":"https:\/\/blogdoedvaldomagalhaes.com.br\/index.php\/wp-json\/wp\/v2\/tags?post=6928"}],"curies":[{"name":"wp","href":"https:\/\/api.w.org\/{rel}","templated":true}]}}