{"id":6927,"date":"2017-01-29T18:16:00","date_gmt":"2017-01-29T20:16:00","guid":{"rendered":"http:\/\/blogdoedvaldomagalhaes.com.br\/index.php\/2017\/01\/29\/missa-e-interrompida-e-portas-da-igreja\/"},"modified":"2019-02-09T01:15:13","modified_gmt":"2019-02-09T03:15:13","slug":"missa-e-interrompida-e-portas-da-igreja","status":"publish","type":"post","link":"https:\/\/blogdoedvaldomagalhaes.com.br\/index.php\/2017\/01\/29\/missa-e-interrompida-e-portas-da-igreja\/","title":{"rendered":"Missa \u00e9 interrompida e portas da igreja fechadas devido tiroteio na rua"},"content":{"rendered":"<div class=\"separator\" style=\"clear: both; text-align: center;\">\n<a href=\"https:\/\/4.bp.blogspot.com\/-fw6ma7tLWqw\/WI4wzgEUS2I\/AAAAAAAAOSw\/OrTd0glQ5UQ4-VRPilK4DpCEe1HSeYkUwCLcB\/s1600\/padre.png\" imageanchor=\"1\" style=\"margin-left: 1em; margin-right: 1em;\"><img loading=\"lazy\" decoding=\"async\" border=\"0\" height=\"300\" src=\"http:\/\/blogdoedvaldomagalhaes.com.br\/wp-content\/uploads\/2017\/01\/padre.png\" width=\"400\" \/><\/a><\/div>\n<div class=\"separator\" style=\"clear: both; text-align: center;\">\nFoto: Reprodu\u00e7\u00e3o\/Internet<\/div>\n<div style=\"background-color: white; color: #1d2129; font-family: Helvetica, Arial, sans-serif; font-size: 14px; margin-bottom: 6px;\">\n<\/div>\n<div style=\"background-color: white; margin-bottom: 6px; margin-top: 6px; text-align: justify;\">\nNa noite desse s\u00e1bado (28), fi\u00e9is participavam da Missa na Igreja da M\u00e3e Rainha, localizada no bairro Alto S\u00e3o Sebasti\u00e3o, em Bezerros\/PE.&nbsp;De repente, para surpresa de todos, a missa foi interrompida por disparos de armas de fogo nas proximidades da igreja e o p\u00e2nico tomou conta do local, as portas da igreja foram fechadas at\u00e9 a situa\u00e7\u00e3o se normalizar. Minutos depois o Padre Bianchi Xavier deu continuidade e finalizou a celebra\u00e7\u00e3o.&nbsp;<\/p>\n<p>At\u00e9 o momento n\u00e3o se sabe a autoria dos disparos ou mesmo a motiva\u00e7\u00e3o, j\u00e1 que ningu\u00e9m foi baleado no bairro.&nbsp;Idosos e crian\u00e7as que estavam no local chegaram a passar mal, felizmente se recuperaram minutos depois.<\/p>\n<div class=\"separator\" style=\"clear: both; text-align: center;\">\n<\/div>\n<div class=\"separator\" style=\"clear: both; text-align: center;\">\n<\/div>\n<\/div>\n<div class=\"text_exposed_show\" style=\"background-color: white; display: inline;\">\n<div style=\"margin-bottom: 6px; margin-top: 6px; text-align: justify;\">\nFonte: Bezerros 24h.<\/div>\n<\/div>\n","protected":false},"excerpt":{"rendered":"<p>Foto: Reprodu\u00e7\u00e3o\/Internet Na noite desse s\u00e1bado (28), fi\u00e9is participavam da Missa na Igreja da M\u00e3e Rainha, localizada no bairro Alto&hellip;<\/p>\n","protected":false},"author":1,"featured_media":0,"comment_status":"open","ping_status":"open","sticky":false,"template":"","format":"standard","meta":{"footnotes":""},"categories":[1],"tags":[1548,2,9481,9482,13],"class_list":["post-6927","post","type-post","status-publish","format-standard","hentry","category-sem-categoria","tag-bezerros","tag-blog-do-edvaldo-magalhaes","tag-missa-e-interrompida-e-portas-da-igreja-fechadas-devido-tiroteio-na-rua","tag-padre-biachi-xavier","tag-policial"],"_links":{"self":[{"href":"https:\/\/blogdoedvaldomagalhaes.com.br\/index.php\/wp-json\/wp\/v2\/posts\/6927","targetHints":{"allow":["GET"]}}],"collection":[{"href":"https:\/\/blogdoedvaldomagalhaes.com.br\/index.php\/wp-json\/wp\/v2\/posts"}],"about":[{"href":"https:\/\/blogdoedvaldomagalhaes.com.br\/index.php\/wp-json\/wp\/v2\/types\/post"}],"author":[{"embeddable":true,"href":"https:\/\/blogdoedvaldomagalhaes.com.br\/index.php\/wp-json\/wp\/v2\/users\/1"}],"replies":[{"embeddable":true,"href":"https:\/\/blogdoedvaldomagalhaes.com.br\/index.php\/wp-json\/wp\/v2\/comments?post=6927"}],"version-history":[{"count":1,"href":"https:\/\/blogdoedvaldomagalhaes.com.br\/index.php\/wp-json\/wp\/v2\/posts\/6927\/revisions"}],"predecessor-version":[{"id":16394,"href":"https:\/\/blogdoedvaldomagalhaes.com.br\/index.php\/wp-json\/wp\/v2\/posts\/6927\/revisions\/16394"}],"wp:attachment":[{"href":"https:\/\/blogdoedvaldomagalhaes.com.br\/index.php\/wp-json\/wp\/v2\/media?parent=6927"}],"wp:term":[{"taxonomy":"category","embeddable":true,"href":"https:\/\/blogdoedvaldomagalhaes.com.br\/index.php\/wp-json\/wp\/v2\/categories?post=6927"},{"taxonomy":"post_tag","embeddable":true,"href":"https:\/\/blogdoedvaldomagalhaes.com.br\/index.php\/wp-json\/wp\/v2\/tags?post=6927"}],"curies":[{"name":"wp","href":"https:\/\/api.w.org\/{rel}","templated":true}]}}