{"id":6926,"date":"2017-01-29T19:19:00","date_gmt":"2017-01-29T21:19:00","guid":{"rendered":"http:\/\/blogdoedvaldomagalhaes.com.br\/index.php\/2017\/01\/29\/colisao-frontal-entre-dois-carros-deixa\/"},"modified":"2019-02-09T01:15:14","modified_gmt":"2019-02-09T03:15:14","slug":"colisao-frontal-entre-dois-carros-deixa","status":"publish","type":"post","link":"https:\/\/blogdoedvaldomagalhaes.com.br\/index.php\/2017\/01\/29\/colisao-frontal-entre-dois-carros-deixa\/","title":{"rendered":"Colis\u00e3o frontal entre dois carros deixa v\u00edtimas fatais na BR-160 neste domingo"},"content":{"rendered":"<div class=\"separator\" style=\"clear: both; text-align: center;\">\n<a href=\"https:\/\/3.bp.blogspot.com\/-fRbc_gf8eW0\/WI4_baDu8vI\/AAAAAAAAOTQ\/LqMD0sG6QXIDMomcHbv7JlTRc7y8eWlUgCLcB\/s1600\/acidente%2B1.jpg\" imageanchor=\"1\" style=\"margin-left: 1em; margin-right: 1em;\"><img loading=\"lazy\" decoding=\"async\" border=\"0\" height=\"221\" src=\"http:\/\/blogdoedvaldomagalhaes.com.br\/wp-content\/uploads\/2017\/01\/acidente1-1.jpg\" width=\"400\" \/><\/a><\/div>\n<div style=\"background-color: white; box-sizing: border-box; margin-bottom: 10px; text-align: justify;\">\n<\/div>\n<div style=\"background-color: white; box-sizing: border-box; margin-bottom: 10px; text-align: justify;\">\nO acidente foi registrado na PE-160, na tarde deste domingo (28), nas proximidades do mine pres\u00eddio de Santa Cruz do Capibaribe. Segundo informa\u00e7\u00f5es, houve uma colis\u00e3o frontal entre um Corsa e um Ecosport, causando as mortes de duas v\u00edtimas e deixando quatro pessoas gravemente feridas.<\/div>\n<div class=\"separator\" style=\"clear: both; text-align: center;\">\n<\/div>\n<div class=\"separator\" style=\"clear: both; text-align: center;\">\n<a href=\"https:\/\/2.bp.blogspot.com\/-Hb9FaOZDsA8\/WI4_rh866QI\/AAAAAAAAOTc\/D07BAedJSMwIWEngQMf0ICHnB1aoRm4pgCLcB\/s1600\/acidente%2B4.jpg\" imageanchor=\"1\" style=\"margin-left: 1em; margin-right: 1em;\"><img loading=\"lazy\" decoding=\"async\" border=\"0\" height=\"221\" src=\"http:\/\/blogdoedvaldomagalhaes.com.br\/wp-content\/uploads\/2017\/01\/acidente4.jpg\" width=\"400\" \/><\/a><\/div>\n<div style=\"background-color: white; box-sizing: border-box; margin-bottom: 10px; text-align: justify;\">\n<\/div>\n<div style=\"background-color: white; box-sizing: border-box; margin-bottom: 10px; text-align: justify;\">\nO Corsa transitava sentido BR-104 \u00e0 Santa Cruz do Capibaribe, estavam nele Verivaldo Luiz Silva de Souza,34 anos, que era o motorista e o irm\u00e3o &nbsp;Verinaldo Luiz de Souza, enquanto no Ecosport, que transitava em sentido contr\u00e1rio, estavam Maria Lucineide dos Reis Souza, Cinelanhe Maria dos Reis, Murilo Victor dos Reis Santos e Jos\u00e9 dos Reis Silva, 56 anos, este \u00faltimo era o motorista do ve\u00edculo, todos foram socorridos pelo Samu, Corpo de Bombeiros, Guardas Municipais e Agentes de Tr\u00e2nsito, que trabalharam no resgate.<\/div>\n<div class=\"separator\" style=\"clear: both; text-align: center;\">\n<a href=\"https:\/\/2.bp.blogspot.com\/-f4lXKXLrMho\/WI4_wshoCvI\/AAAAAAAAOTg\/PrzDFWcYApQgcUa_VTMopqkBJG6sWY8XACLcB\/s1600\/acidente%2B5.jpg\" imageanchor=\"1\" style=\"margin-left: 1em; margin-right: 1em;\"><img loading=\"lazy\" decoding=\"async\" border=\"0\" height=\"221\" src=\"http:\/\/blogdoedvaldomagalhaes.com.br\/wp-content\/uploads\/2017\/01\/acidente5.jpg\" width=\"400\" \/><\/a><\/div>\n<div class=\"separator\" style=\"clear: both; text-align: center;\">\nFotos: Reprodu\u00e7\u00e3o\/WhatsApp<\/div>\n<div class=\"separator\" style=\"clear: both; text-align: center;\">\n<\/div>\n<div class=\"separator\" style=\"clear: both; text-align: left;\">\nInforma\u00e7\u00f5es do&nbsp;rep\u00f3rter policial Fernando Lagosta<\/div>\n<div class=\"separator\" style=\"clear: both; text-align: left;\">\n<\/div>\n<div style=\"background-color: white; box-sizing: border-box; margin-bottom: 10px; text-align: justify;\">\n<\/div>\n","protected":false},"excerpt":{"rendered":"<p>O acidente foi registrado na PE-160, na tarde deste domingo (28), nas proximidades do mine pres\u00eddio de Santa Cruz do&hellip;<\/p>\n","protected":false},"author":1,"featured_media":0,"comment_status":"open","ping_status":"open","sticky":false,"template":"","format":"standard","meta":{"footnotes":""},"categories":[1],"tags":[2,9480,6,1315],"class_list":["post-6926","post","type-post","status-publish","format-standard","hentry","category-sem-categoria","tag-blog-do-edvaldo-magalhaes","tag-colisao-frontal-entre-dois-carros-deixa-vitimas-fatais-na-br-160-neste-domingo","tag-noticias","tag-santa-cruz-do-capibaribe"],"_links":{"self":[{"href":"https:\/\/blogdoedvaldomagalhaes.com.br\/index.php\/wp-json\/wp\/v2\/posts\/6926","targetHints":{"allow":["GET"]}}],"collection":[{"href":"https:\/\/blogdoedvaldomagalhaes.com.br\/index.php\/wp-json\/wp\/v2\/posts"}],"about":[{"href":"https:\/\/blogdoedvaldomagalhaes.com.br\/index.php\/wp-json\/wp\/v2\/types\/post"}],"author":[{"embeddable":true,"href":"https:\/\/blogdoedvaldomagalhaes.com.br\/index.php\/wp-json\/wp\/v2\/users\/1"}],"replies":[{"embeddable":true,"href":"https:\/\/blogdoedvaldomagalhaes.com.br\/index.php\/wp-json\/wp\/v2\/comments?post=6926"}],"version-history":[{"count":1,"href":"https:\/\/blogdoedvaldomagalhaes.com.br\/index.php\/wp-json\/wp\/v2\/posts\/6926\/revisions"}],"predecessor-version":[{"id":16398,"href":"https:\/\/blogdoedvaldomagalhaes.com.br\/index.php\/wp-json\/wp\/v2\/posts\/6926\/revisions\/16398"}],"wp:attachment":[{"href":"https:\/\/blogdoedvaldomagalhaes.com.br\/index.php\/wp-json\/wp\/v2\/media?parent=6926"}],"wp:term":[{"taxonomy":"category","embeddable":true,"href":"https:\/\/blogdoedvaldomagalhaes.com.br\/index.php\/wp-json\/wp\/v2\/categories?post=6926"},{"taxonomy":"post_tag","embeddable":true,"href":"https:\/\/blogdoedvaldomagalhaes.com.br\/index.php\/wp-json\/wp\/v2\/tags?post=6926"}],"curies":[{"name":"wp","href":"https:\/\/api.w.org\/{rel}","templated":true}]}}