{"id":6925,"date":"2017-01-29T22:06:00","date_gmt":"2017-01-30T00:06:00","guid":{"rendered":"http:\/\/blogdoedvaldomagalhaes.com.br\/index.php\/2017\/01\/29\/nautico-x-santa-cruz-empatam-nos-gols-e\/"},"modified":"2019-02-09T01:15:14","modified_gmt":"2019-02-09T03:15:14","slug":"nautico-x-santa-cruz-empatam-nos-gols-e","status":"publish","type":"post","link":"https:\/\/blogdoedvaldomagalhaes.com.br\/index.php\/2017\/01\/29\/nautico-x-santa-cruz-empatam-nos-gols-e\/","title":{"rendered":"N\u00e1utico x Santa Cruz empatam nos gols e nas expuls\u00f5es"},"content":{"rendered":"<div style=\"box-sizing: border-box; letter-spacing: 0.1px; line-height: 1.5em; margin-bottom: 1em; text-align: justify;\">\n<div class=\"separator\" style=\"clear: both; text-align: center;\">\n<a href=\"https:\/\/4.bp.blogspot.com\/-euuHidqM3Pg\/WI5nrNhGmLI\/AAAAAAAAOT0\/6SEafs7nX1ADI0502pareo_X8zCiktLEgCLcB\/s1600\/genival.jpg\" imageanchor=\"1\" style=\"margin-left: 1em; margin-right: 1em;\"><img loading=\"lazy\" decoding=\"async\" border=\"0\" height=\"266\" src=\"http:\/\/blogdoedvaldomagalhaes.com.br\/wp-content\/uploads\/2017\/01\/genival.jpg\" width=\"400\" \/><\/a><\/div>\n<div class=\"separator\" style=\"clear: both; text-align: center;\">\nFoto: Genival Fernandes<\/div>\n<p>\nN\u00e1utico e Santa Cruz empataram por 1 a 1, na Arena de Pernambuco, depois de dois gols marcados nos \u00faltimos cinco minutos de jogo, quando ambas as equipes j\u00e1 estavam com dez jogadores em campo. O placar n\u00e3o \u00e9 o melhor esperado nem pelo Timbu nem pela Cobra Coral, mas teve um gosto mais amargo para a equipe alvirrubra, que estava em casa e saiu na frente do placar.<\/div>\n<div style=\"box-sizing: border-box; letter-spacing: 0.1px; line-height: 1.5em; margin-bottom: 1em;\">\n<\/div>\n<div style=\"text-align: justify;\">\nO p\u00fablico foi decepcionante, apenas 4.622 pessoas estiveram na Arena. As duas equipes&nbsp;ainda v\u00e3o se enfrentar muitas vezes nessa temporada. pelo Campeonato Pernambucano, Copa Nordeste, e na S\u00e9rie B do Campeonato Brasileiro esse ano.<\/div>\n<p><\/p>\n<div style=\"box-sizing: border-box; letter-spacing: 0.1px; line-height: 1.5em; margin-bottom: 1em; text-align: justify;\">\nO confronto teve dois tempos totalmente distintos. Com as duas equipes promovendo muitas estreias e o entrosamento claramente ainda sendo a principal dificuldade para os dois times, os poucos torcedores que foram \u00e0 Arena assistiram 45 minutos de um futebol pregui\u00e7oso e longe de grandes emo\u00e7\u00f5es.<\/div>\n<div class=\"conteudo_post\" style=\"box-sizing: border-box; letter-spacing: 0.1px;\">\n<div style=\"box-sizing: border-box; line-height: 1.5em; margin-bottom: 1em; text-align: justify;\">\nO \u00fanico momento de destaque acabou sendo uma confus\u00e3o generalizada causada depois de Dudu, do N\u00e1utico, deu uma entrada forte em Andr\u00e9 Luiz, do Santa Cruz. Ap\u00f3s dissipar o tumulto, o \u00e1rbitro expulsou os dois atletas. Eram 39 minutos jogados apenas.<\/div>\n<div style=\"box-sizing: border-box; line-height: 1.5em; margin-bottom: 1em; text-align: justify;\">\nNa segunda etapa, com mais espa\u00e7o sobrando em campo, o jogo pegou fogo. As duas equipes se lan\u00e7aram ao ataque e criaram chances de abrir o placar. Quem chegou mais perto foi o dono da casa.<\/div>\n<div style=\"box-sizing: border-box; line-height: 1.5em; margin-bottom: 1em; text-align: justify;\">\nMas, aos 44 Eduardo Brito falhou feio dentro da \u00e1rea e Anselmo n\u00e3o desperdi\u00e7ou. O problema \u00e9 que mal deu tempo de comemorar. Aos 47, L\u00e9o Costa cobrou falta com perfei\u00e7\u00e3o e decretou o empate no Cl\u00e1ssico das Emo\u00e7\u00f5es.<\/div>\n<div style=\"box-sizing: border-box; line-height: 1.5em; margin-bottom: 1em; text-align: justify;\">\nO N\u00e1utico volta a campo na pr\u00f3xima quarta-feira (1\u00ba), para enfrentar o Central, na Ilha do Retiro \u00e0s 20h30 (hor\u00e1rio de Pernambuco). J\u00e1 o Santa Cruz far\u00e1 seu primeiro jogo na Arruda, diante do Belo Jardim, no mesmo dia, s\u00f3 que \u00e0s 19h30.<\/div>\n<div style=\"box-sizing: border-box; line-height: 1.5em; margin-bottom: 1em; text-align: justify;\">\nNo outro jogo deste domingo (29), o Salgueiro ignorou o fato de jogar fora de casa e venceu o Belo Jardim por 2 a 0. Daniel abriu o placar aos 39 minutos do primeiro tempo e Dada fechou a vit\u00f3ria aos 20 da etapa final.<\/div>\n<div style=\"box-sizing: border-box; line-height: 1.5em; margin-bottom: 1em; text-align: justify;\">\nFonte: Gazeta Esportiva<\/div>\n<\/div>\n<div class=\"conteudo_depois_do_post\" style=\"box-sizing: border-box; font-family: &quot;Open Sans&quot;, Helvetica, Arial, sans-serif; font-size: 14px; letter-spacing: 0.1px;\">\n<div class=\"post-script\" style=\"box-sizing: border-box;\">\n<div class=\"space share-buttons\" style=\"box-sizing: border-box; padding: 0px;\">\n<ul class=\"share-links list list-unstyled list-inline colored\" style=\"box-sizing: border-box; font-size: 20px; list-style: none; margin-bottom: 11.5px; margin-left: -5px; margin-top: 0px; padding-left: 0px; text-align: center;\">\n<li style=\"box-sizing: border-box; display: inline-block; padding-left: 0px; padding-right: 5px;\"><a class=\"share-popup\" href=\"http:\/\/twitter.com\/home?status=N%C3%A1utico+e+Santa+Cruz+marcam+nos+minutos+finais+e+empatam+cl%C3%A1ssico%20http:\/\/www.gazetaesportiva.com\/campeonato-pernambucano\/nautico-e-santa-cruz-marcam-nos-minutos-finais-e-empatam-classico\/\" style=\"box-sizing: border-box; color: #003038; text-decoration: none; transition: all 0.2s;\" title=\"Click para compartilhar este post no Twitter\"><\/a><\/li>\n<p>&nbsp;<\/p>\n<li style=\"box-sizing: border-box; display: inline-block; padding-left: 5px; padding-right: 5px;\"><a class=\"share-popup\" href=\"http:\/\/www.facebook.com\/sharer.php?u=http:\/\/www.gazetaesportiva.com\/campeonato-pernambucano\/nautico-e-santa-cruz-marcam-nos-minutos-finais-e-empatam-classico\/&amp;t=N%C3%A1utico%20e%20Santa%20Cruz%20marcam%20nos%20minutos%20finais%20e%20empatam%20cl%C3%A1ssico\" style=\"box-sizing: border-box; color: #003038; text-decoration: none; transition: all 0.2s;\" target=\"blank\"><\/a><\/li>\n<p>&nbsp;<\/ul>\n<\/div>\n<\/div>\n<\/div>\n","protected":false},"excerpt":{"rendered":"<p>Foto: Genival Fernandes N\u00e1utico e Santa Cruz empataram por 1 a 1, na Arena de Pernambuco, depois de dois gols&hellip;<\/p>\n","protected":false},"author":1,"featured_media":0,"comment_status":"open","ping_status":"open","sticky":false,"template":"","format":"standard","meta":{"footnotes":""},"categories":[1],"tags":[2,9432,3,9478,9479],"class_list":["post-6925","post","type-post","status-publish","format-standard","hentry","category-sem-categoria","tag-blog-do-edvaldo-magalhaes","tag-dado-cavalcanti","tag-futebol","tag-nautico-x-santa-cruz-empatam-nos-gols-e-nas-expulsoes","tag-vinicius-eutropio"],"_links":{"self":[{"href":"https:\/\/blogdoedvaldomagalhaes.com.br\/index.php\/wp-json\/wp\/v2\/posts\/6925","targetHints":{"allow":["GET"]}}],"collection":[{"href":"https:\/\/blogdoedvaldomagalhaes.com.br\/index.php\/wp-json\/wp\/v2\/posts"}],"about":[{"href":"https:\/\/blogdoedvaldomagalhaes.com.br\/index.php\/wp-json\/wp\/v2\/types\/post"}],"author":[{"embeddable":true,"href":"https:\/\/blogdoedvaldomagalhaes.com.br\/index.php\/wp-json\/wp\/v2\/users\/1"}],"replies":[{"embeddable":true,"href":"https:\/\/blogdoedvaldomagalhaes.com.br\/index.php\/wp-json\/wp\/v2\/comments?post=6925"}],"version-history":[{"count":1,"href":"https:\/\/blogdoedvaldomagalhaes.com.br\/index.php\/wp-json\/wp\/v2\/posts\/6925\/revisions"}],"predecessor-version":[{"id":16400,"href":"https:\/\/blogdoedvaldomagalhaes.com.br\/index.php\/wp-json\/wp\/v2\/posts\/6925\/revisions\/16400"}],"wp:attachment":[{"href":"https:\/\/blogdoedvaldomagalhaes.com.br\/index.php\/wp-json\/wp\/v2\/media?parent=6925"}],"wp:term":[{"taxonomy":"category","embeddable":true,"href":"https:\/\/blogdoedvaldomagalhaes.com.br\/index.php\/wp-json\/wp\/v2\/categories?post=6925"},{"taxonomy":"post_tag","embeddable":true,"href":"https:\/\/blogdoedvaldomagalhaes.com.br\/index.php\/wp-json\/wp\/v2\/tags?post=6925"}],"curies":[{"name":"wp","href":"https:\/\/api.w.org\/{rel}","templated":true}]}}