{"id":69245,"date":"2021-04-24T19:07:38","date_gmt":"2021-04-24T22:07:38","guid":{"rendered":"https:\/\/blogdoedvaldomagalhaes.com.br\/?p=69245"},"modified":"2021-04-25T10:21:16","modified_gmt":"2021-04-25T13:21:16","slug":"chef-de-cozinha-andre-teixeira-passa-mal-e-e-hospitalizado-em-caruaru","status":"publish","type":"post","link":"https:\/\/blogdoedvaldomagalhaes.com.br\/index.php\/2021\/04\/24\/chef-de-cozinha-andre-teixeira-passa-mal-e-e-hospitalizado-em-caruaru\/","title":{"rendered":"Chef de Cozinha Andr\u00e9 Teixeira passa mal e \u00e9 hospitalizado em Caruaru"},"content":{"rendered":"<p style=\"text-align: justify;\">O Chef de Cozinha, Andr\u00e9 Luiz Ferrer Teixeira, estava almo\u00e7ando em um restaurante de Caruaru, na tarde deste s\u00e1bado (24), quando passou mal, tendo um AVC &#8211; Acidente Vascular Celebrau n\u00edvel 4, recebeu os primeiros socorrido do m\u00e9dico Osmundo\u00a0 Bezerra, que estava no local. Chegou ao Hospital Mestre Vitalino (HMV), <span style=\"font-size: inherit;\">com hemiparesia esquerda, completa e proporcionada. Apresenta-se Consciente , orientado, em ar ambiente, abertura ocular espont\u00e2nea e obedecendo a comandos simples. <\/span><span style=\"font-size: inherit;\">Realizando TD de cr\u00e2nio. O paciente consegue movimentar todos os membros.<\/span><\/p>\n<p style=\"text-align: justify;\">Andr\u00e9 Teixeira \u00e9 lotado na secretaria municipal de Educa\u00e7\u00e3o, e pai do secret\u00e1rio de Desenvolvimento Econ\u00f4mico e Economia Criativa de Caruaru, Andr\u00e9 Teixeira Filho.<\/p>\n","protected":false},"excerpt":{"rendered":"<p>O Chef de Cozinha, Andr\u00e9 Luiz Ferrer Teixeira, estava almo\u00e7ando em um restaurante de Caruaru, na tarde deste s\u00e1bado (24),&hellip;<\/p>\n","protected":false},"author":1,"featured_media":69246,"comment_status":"open","ping_status":"open","sticky":false,"template":"","format":"standard","meta":{"footnotes":""},"categories":[14120],"tags":[2,19532,21434,1950],"class_list":["post-69245","post","type-post","status-publish","format-standard","has-post-thumbnail","hentry","category-noticias","tag-blog-do-edvaldo-magalhaes","tag-blog-mais-acessado-e-visualizado-de-caruaru-e-regiao","tag-chef-de-cozinha-andre-teixeira-passa-mal-e-e-hospitalizado-em-caruaru","tag-noticias-de-caruaru"],"_links":{"self":[{"href":"https:\/\/blogdoedvaldomagalhaes.com.br\/index.php\/wp-json\/wp\/v2\/posts\/69245","targetHints":{"allow":["GET"]}}],"collection":[{"href":"https:\/\/blogdoedvaldomagalhaes.com.br\/index.php\/wp-json\/wp\/v2\/posts"}],"about":[{"href":"https:\/\/blogdoedvaldomagalhaes.com.br\/index.php\/wp-json\/wp\/v2\/types\/post"}],"author":[{"embeddable":true,"href":"https:\/\/blogdoedvaldomagalhaes.com.br\/index.php\/wp-json\/wp\/v2\/users\/1"}],"replies":[{"embeddable":true,"href":"https:\/\/blogdoedvaldomagalhaes.com.br\/index.php\/wp-json\/wp\/v2\/comments?post=69245"}],"version-history":[{"count":5,"href":"https:\/\/blogdoedvaldomagalhaes.com.br\/index.php\/wp-json\/wp\/v2\/posts\/69245\/revisions"}],"predecessor-version":[{"id":69256,"href":"https:\/\/blogdoedvaldomagalhaes.com.br\/index.php\/wp-json\/wp\/v2\/posts\/69245\/revisions\/69256"}],"wp:featuredmedia":[{"embeddable":true,"href":"https:\/\/blogdoedvaldomagalhaes.com.br\/index.php\/wp-json\/wp\/v2\/media\/69246"}],"wp:attachment":[{"href":"https:\/\/blogdoedvaldomagalhaes.com.br\/index.php\/wp-json\/wp\/v2\/media?parent=69245"}],"wp:term":[{"taxonomy":"category","embeddable":true,"href":"https:\/\/blogdoedvaldomagalhaes.com.br\/index.php\/wp-json\/wp\/v2\/categories?post=69245"},{"taxonomy":"post_tag","embeddable":true,"href":"https:\/\/blogdoedvaldomagalhaes.com.br\/index.php\/wp-json\/wp\/v2\/tags?post=69245"}],"curies":[{"name":"wp","href":"https:\/\/api.w.org\/{rel}","templated":true}]}}