{"id":6924,"date":"2017-01-29T23:18:00","date_gmt":"2017-01-30T01:18:00","guid":{"rendered":"http:\/\/blogdoedvaldomagalhaes.com.br\/index.php\/2017\/01\/29\/central-divulga-nota-sobre-mudanca-do\/"},"modified":"2019-02-09T01:15:14","modified_gmt":"2019-02-09T03:15:14","slug":"central-divulga-nota-sobre-mudanca-do","status":"publish","type":"post","link":"https:\/\/blogdoedvaldomagalhaes.com.br\/index.php\/2017\/01\/29\/central-divulga-nota-sobre-mudanca-do\/","title":{"rendered":"Central divulga nota sobre mudan\u00e7a do local do jogo contra o N\u00e1utico"},"content":{"rendered":"<div class=\"separator\" style=\"clear: both; text-align: center;\">\n<a href=\"https:\/\/4.bp.blogspot.com\/-N4KkVuWN-5I\/WI534aS64nI\/AAAAAAAAOUU\/124GbxfL0pox_LVIWsMd2rq60L7iNpesACLcB\/s1600\/cnetral%2Bsc.jpg\" imageanchor=\"1\" style=\"margin-left: 1em; margin-right: 1em;\"><img loading=\"lazy\" decoding=\"async\" border=\"0\" height=\"153\" src=\"http:\/\/blogdoedvaldomagalhaes.com.br\/wp-content\/uploads\/2017\/01\/cnetralsc.jpg\" width=\"320\" \/><\/a><\/div>\n<div style=\"background: rgb(255, 255, 255); border: 0px rgb(229, 229, 229); color: grey; font-family: Arial, Helvetica, sans-serif; font-size: 13px; margin-bottom: 20px; outline: 0px; padding: 0px; vertical-align: baseline;\">\n<em style=\"background: transparent; border: 0px rgb(229, 229, 229); margin: 0px; outline: 0px; padding: 0px; vertical-align: baseline;\"><br \/><\/em><\/div>\n<div style=\"background: rgb(255, 255, 255); border: 0px rgb(229, 229, 229); margin-bottom: 20px; outline: 0px; padding: 0px; text-align: justify; vertical-align: baseline;\">\n<em style=\"background: transparent; border: 0px rgb(229, 229, 229); margin: 0px; outline: 0px; padding: 0px; vertical-align: baseline;\">A diretoria do Central de Caruaru divulgou uma nota sobre a mudan\u00e7a do local do jogo da pr\u00f3xima quarta-feira (1), contra o N\u00e1utico, do Est\u00e1dio Lacerd\u00e3o, em Caruaru, para a Ilha do Retiro, em Recife, pelo Hexagonal do T\u00edtulo do Campeonato Pernambucano. Veja a nota abaixo:<\/em><br \/>\n<em style=\"background: transparent; border: 0px rgb(229, 229, 229); margin: 0px; outline: 0px; padding: 0px; vertical-align: baseline;\"><br \/><\/em><br \/>\n<em style=\"background: transparent; border: 0px rgb(229, 229, 229); margin: 0px; outline: 0px; padding: 0px; vertical-align: baseline;\">&#8220;A respeito da mudan\u00e7a de est\u00e1dio na segunda rodada do hexagonal do Pernambucano 2017, sendo o confronto diante do N\u00e1utico alterado para a Ilha do Retiro, salientamos que trata-se de uma postura da Federa\u00e7\u00e3o Pernambucana de Futebol em vetar o est\u00e1dio Luiz Jos\u00e9 de Lacerda e do comando da Pol\u00edcia Militar em n\u00e3o recomendar o est\u00e1dio Ant\u00f4nio In\u00e1cio de Souza para partidas contra as tr\u00eas maiores agremia\u00e7\u00f5es da capital.<\/em><\/div>\n<div style=\"background: rgb(255, 255, 255); border: 0px rgb(229, 229, 229); margin-bottom: 20px; outline: 0px; padding: 0px; text-align: justify; vertical-align: baseline;\">\n<em style=\"background: transparent; border: 0px rgb(229, 229, 229); margin: 0px; outline: 0px; padding: 0px; vertical-align: baseline;\">Vale ressaltar que a mudan\u00e7a da pra\u00e7a de jogo para a cidade da equipe visitante configura INVERS\u00c3O DE MANDO DE CAMPO, algo expressamente proibido conforme o pr\u00f3prio regulamento da FPF. Ademais, o caso se torna ainda mais grave considerando que h\u00e1 em Caruaru um est\u00e1dio apto a receber jogos, ainda que com um p\u00fablico reduzido.<\/em><\/div>\n<div class=\"text_exposed_show\" style=\"background: rgb(255, 255, 255); border: 0px rgb(229, 229, 229); margin: 0px; outline: 0px; padding: 0px; vertical-align: baseline;\">\n<div style=\"background: transparent; border: 0px rgb(229, 229, 229); margin-bottom: 20px; outline: 0px; padding: 0px; text-align: justify; vertical-align: baseline;\">\n<em style=\"background: transparent; border: 0px rgb(229, 229, 229); margin: 0px; outline: 0px; padding: 0px; vertical-align: baseline;\">\u00c9 inadmiss\u00edvel a ado\u00e7\u00e3o de crit\u00e9rios diferentes para jogos diante de equipes intermedi\u00e1rias e jogos diante dos ditos grandes. Fere o princ\u00edpio da isonomia e s\u00f3 colabora para fortalecer o coro de que a Federa\u00e7\u00e3o trabalha em benef\u00edcio de agremia\u00e7\u00f5es espec\u00edficas em detrimento de outras.<\/em><\/div>\n<div style=\"background: transparent; border: 0px rgb(229, 229, 229); margin-bottom: 20px; outline: 0px; padding: 0px; text-align: justify; vertical-align: baseline;\">\n<em style=\"background: transparent; border: 0px rgb(229, 229, 229); margin: 0px; outline: 0px; padding: 0px; vertical-align: baseline;\">Ao nosso torcedor, nossas sinceras desculpas. Estamos trabalhando para reduzir preju\u00edzos e recuperar o mais breve poss\u00edvel o nosso campo de jogo.<\/em><\/div>\n<\/div>\n<div style=\"background: rgb(255, 255, 255); border: 0px rgb(229, 229, 229); margin-bottom: 20px; outline: 0px; padding: 0px; vertical-align: baseline;\">\n<div style=\"text-align: justify;\">\n#AvantePatativa&#8221;<\/div>\n<\/div>\n","protected":false},"excerpt":{"rendered":"<p>A diretoria do Central de Caruaru divulgou uma nota sobre a mudan\u00e7a do local do jogo da pr\u00f3xima quarta-feira (1),&hellip;<\/p>\n","protected":false},"author":1,"featured_media":0,"comment_status":"open","ping_status":"open","sticky":false,"template":"","format":"standard","meta":{"footnotes":""},"categories":[1],"tags":[2,9477,3],"class_list":["post-6924","post","type-post","status-publish","format-standard","hentry","category-sem-categoria","tag-blog-do-edvaldo-magalhaes","tag-central-divulga-nota-sobre-mudanca-do-local-do-jogo-contra-o-nautico","tag-futebol"],"_links":{"self":[{"href":"https:\/\/blogdoedvaldomagalhaes.com.br\/index.php\/wp-json\/wp\/v2\/posts\/6924","targetHints":{"allow":["GET"]}}],"collection":[{"href":"https:\/\/blogdoedvaldomagalhaes.com.br\/index.php\/wp-json\/wp\/v2\/posts"}],"about":[{"href":"https:\/\/blogdoedvaldomagalhaes.com.br\/index.php\/wp-json\/wp\/v2\/types\/post"}],"author":[{"embeddable":true,"href":"https:\/\/blogdoedvaldomagalhaes.com.br\/index.php\/wp-json\/wp\/v2\/users\/1"}],"replies":[{"embeddable":true,"href":"https:\/\/blogdoedvaldomagalhaes.com.br\/index.php\/wp-json\/wp\/v2\/comments?post=6924"}],"version-history":[{"count":1,"href":"https:\/\/blogdoedvaldomagalhaes.com.br\/index.php\/wp-json\/wp\/v2\/posts\/6924\/revisions"}],"predecessor-version":[{"id":16402,"href":"https:\/\/blogdoedvaldomagalhaes.com.br\/index.php\/wp-json\/wp\/v2\/posts\/6924\/revisions\/16402"}],"wp:attachment":[{"href":"https:\/\/blogdoedvaldomagalhaes.com.br\/index.php\/wp-json\/wp\/v2\/media?parent=6924"}],"wp:term":[{"taxonomy":"category","embeddable":true,"href":"https:\/\/blogdoedvaldomagalhaes.com.br\/index.php\/wp-json\/wp\/v2\/categories?post=6924"},{"taxonomy":"post_tag","embeddable":true,"href":"https:\/\/blogdoedvaldomagalhaes.com.br\/index.php\/wp-json\/wp\/v2\/tags?post=6924"}],"curies":[{"name":"wp","href":"https:\/\/api.w.org\/{rel}","templated":true}]}}