{"id":69239,"date":"2021-04-24T13:51:17","date_gmt":"2021-04-24T16:51:17","guid":{"rendered":"https:\/\/blogdoedvaldomagalhaes.com.br\/?p=69239"},"modified":"2021-04-24T13:51:18","modified_gmt":"2021-04-24T16:51:18","slug":"adolescente-de-17-anos-e-assassinado-a-tijoladas-em-caruaru","status":"publish","type":"post","link":"https:\/\/blogdoedvaldomagalhaes.com.br\/index.php\/2021\/04\/24\/adolescente-de-17-anos-e-assassinado-a-tijoladas-em-caruaru\/","title":{"rendered":"Adolescente de 17 anos \u00e9 assassinado a tijoladas em Caruaru"},"content":{"rendered":"<p style=\"text-align: justify;\">Um adolescente de 17 anos foi assassinado na manh\u00e3 deste s\u00e1bado, em Caruaru. O crime aconteceu no Loteamento Parque Real.<\/p>\n<p style=\"text-align: justify;\">De acordo com informa\u00e7\u00f5es iniciais, Jackson Andrade foi morto com tijoladas na cabe\u00e7a. O corpo foi encontrado em meio a uma constru\u00e7\u00e3o residencial.<\/p>\n<p style=\"text-align: justify;\">Este \u00e9 o 7\u00ba homic\u00eddio do m\u00eas de abril em Caruaru. Este ano, j\u00e1 mataram no munic\u00edpio 32 pessoas.<\/p>\n<p>Por Helenivaldo Pereira.<\/p>\n<p>Foto: Renan da Funer\u00e1ria\/Cortesia.<\/p>\n","protected":false},"excerpt":{"rendered":"<p>Um adolescente de 17 anos foi assassinado na manh\u00e3 deste s\u00e1bado, em Caruaru. O crime aconteceu no Loteamento Parque Real.&hellip;<\/p>\n","protected":false},"author":1,"featured_media":69240,"comment_status":"open","ping_status":"open","sticky":false,"template":"","format":"standard","meta":{"footnotes":""},"categories":[1],"tags":[],"class_list":["post-69239","post","type-post","status-publish","format-standard","has-post-thumbnail","hentry","category-sem-categoria"],"_links":{"self":[{"href":"https:\/\/blogdoedvaldomagalhaes.com.br\/index.php\/wp-json\/wp\/v2\/posts\/69239","targetHints":{"allow":["GET"]}}],"collection":[{"href":"https:\/\/blogdoedvaldomagalhaes.com.br\/index.php\/wp-json\/wp\/v2\/posts"}],"about":[{"href":"https:\/\/blogdoedvaldomagalhaes.com.br\/index.php\/wp-json\/wp\/v2\/types\/post"}],"author":[{"embeddable":true,"href":"https:\/\/blogdoedvaldomagalhaes.com.br\/index.php\/wp-json\/wp\/v2\/users\/1"}],"replies":[{"embeddable":true,"href":"https:\/\/blogdoedvaldomagalhaes.com.br\/index.php\/wp-json\/wp\/v2\/comments?post=69239"}],"version-history":[{"count":1,"href":"https:\/\/blogdoedvaldomagalhaes.com.br\/index.php\/wp-json\/wp\/v2\/posts\/69239\/revisions"}],"predecessor-version":[{"id":69241,"href":"https:\/\/blogdoedvaldomagalhaes.com.br\/index.php\/wp-json\/wp\/v2\/posts\/69239\/revisions\/69241"}],"wp:featuredmedia":[{"embeddable":true,"href":"https:\/\/blogdoedvaldomagalhaes.com.br\/index.php\/wp-json\/wp\/v2\/media\/69240"}],"wp:attachment":[{"href":"https:\/\/blogdoedvaldomagalhaes.com.br\/index.php\/wp-json\/wp\/v2\/media?parent=69239"}],"wp:term":[{"taxonomy":"category","embeddable":true,"href":"https:\/\/blogdoedvaldomagalhaes.com.br\/index.php\/wp-json\/wp\/v2\/categories?post=69239"},{"taxonomy":"post_tag","embeddable":true,"href":"https:\/\/blogdoedvaldomagalhaes.com.br\/index.php\/wp-json\/wp\/v2\/tags?post=69239"}],"curies":[{"name":"wp","href":"https:\/\/api.w.org\/{rel}","templated":true}]}}