{"id":6923,"date":"2017-01-30T10:36:00","date_gmt":"2017-01-30T12:36:00","guid":{"rendered":"http:\/\/blogdoedvaldomagalhaes.com.br\/index.php\/2017\/01\/30\/ernande-francisco-assume-delegacia-de\/"},"modified":"2019-02-09T01:15:15","modified_gmt":"2019-02-09T03:15:15","slug":"ernande-francisco-assume-delegacia-de","status":"publish","type":"post","link":"https:\/\/blogdoedvaldomagalhaes.com.br\/index.php\/2017\/01\/30\/ernande-francisco-assume-delegacia-de\/","title":{"rendered":"Ernande Francisco assume delegacia de Agrestina"},"content":{"rendered":"<div class=\"separator\" style=\"clear: both; text-align: center;\">\n<a href=\"https:\/\/3.bp.blogspot.com\/-_ilLdGLOYzE\/WI8WoXhkYNI\/AAAAAAAAOUk\/G8NwcOqBGb82h7cLIQqDxS_rGmS5UMHvgCLcB\/s1600\/ernande.jpeg\" imageanchor=\"1\" style=\"margin-left: 1em; margin-right: 1em;\"><img loading=\"lazy\" decoding=\"async\" border=\"0\" height=\"300\" src=\"http:\/\/blogdoedvaldomagalhaes.com.br\/wp-content\/uploads\/2017\/01\/ernande.jpeg\" width=\"400\" \/><\/a><\/div>\n<p><\/p>\n<div style=\"text-align: justify;\">\nO delegado Ernande Francisco da Silva assume nesta segunda-feira (30) o comando da Delegacia de Agrestina. O experiente policial fez um bom trabalho exercendo a fun\u00e7\u00e3o de Delegado Regional de Caruaru, entre os anos de 2003 a 2006. Ap\u00f3s sair da regional ele foi para Garanhuns e agora retorna para a regi\u00e3o Agreste Central.<\/div>\n","protected":false},"excerpt":{"rendered":"<p>O delegado Ernande Francisco da Silva assume nesta segunda-feira (30) o comando da Delegacia de Agrestina. O experiente policial fez&hellip;<\/p>\n","protected":false},"author":1,"featured_media":0,"comment_status":"open","ping_status":"open","sticky":false,"template":"","format":"standard","meta":{"footnotes":""},"categories":[1],"tags":[7976,2,9476,13],"class_list":["post-6923","post","type-post","status-publish","format-standard","hentry","category-sem-categoria","tag-agreste-central","tag-blog-do-edvaldo-magalhaes","tag-ernande-francisco-assume-delegacia-de-agrestina","tag-policial"],"_links":{"self":[{"href":"https:\/\/blogdoedvaldomagalhaes.com.br\/index.php\/wp-json\/wp\/v2\/posts\/6923","targetHints":{"allow":["GET"]}}],"collection":[{"href":"https:\/\/blogdoedvaldomagalhaes.com.br\/index.php\/wp-json\/wp\/v2\/posts"}],"about":[{"href":"https:\/\/blogdoedvaldomagalhaes.com.br\/index.php\/wp-json\/wp\/v2\/types\/post"}],"author":[{"embeddable":true,"href":"https:\/\/blogdoedvaldomagalhaes.com.br\/index.php\/wp-json\/wp\/v2\/users\/1"}],"replies":[{"embeddable":true,"href":"https:\/\/blogdoedvaldomagalhaes.com.br\/index.php\/wp-json\/wp\/v2\/comments?post=6923"}],"version-history":[{"count":1,"href":"https:\/\/blogdoedvaldomagalhaes.com.br\/index.php\/wp-json\/wp\/v2\/posts\/6923\/revisions"}],"predecessor-version":[{"id":16404,"href":"https:\/\/blogdoedvaldomagalhaes.com.br\/index.php\/wp-json\/wp\/v2\/posts\/6923\/revisions\/16404"}],"wp:attachment":[{"href":"https:\/\/blogdoedvaldomagalhaes.com.br\/index.php\/wp-json\/wp\/v2\/media?parent=6923"}],"wp:term":[{"taxonomy":"category","embeddable":true,"href":"https:\/\/blogdoedvaldomagalhaes.com.br\/index.php\/wp-json\/wp\/v2\/categories?post=6923"},{"taxonomy":"post_tag","embeddable":true,"href":"https:\/\/blogdoedvaldomagalhaes.com.br\/index.php\/wp-json\/wp\/v2\/tags?post=6923"}],"curies":[{"name":"wp","href":"https:\/\/api.w.org\/{rel}","templated":true}]}}