{"id":6922,"date":"2017-01-30T11:01:00","date_gmt":"2017-01-30T13:01:00","guid":{"rendered":"http:\/\/blogdoedvaldomagalhaes.com.br\/index.php\/2017\/01\/30\/veja-como-foi-o-17-aguas-de-oxala-e\/"},"modified":"2019-02-09T01:15:15","modified_gmt":"2019-02-09T03:15:15","slug":"veja-como-foi-o-17-aguas-de-oxala-e","status":"publish","type":"post","link":"https:\/\/blogdoedvaldomagalhaes.com.br\/index.php\/2017\/01\/30\/veja-como-foi-o-17-aguas-de-oxala-e\/","title":{"rendered":"Veja como foi o 17\u00ba \u00c1guas de Oxal\u00e1 em Caruaru"},"content":{"rendered":"<div class=\"separator\" style=\"clear: both; text-align: center;\">\n<a href=\"https:\/\/2.bp.blogspot.com\/-mbohTCgb0CQ\/WI8bmwGJjgI\/AAAAAAAAOU0\/k8jg5btJH185HyE7egt80dyUvg4jBH6TQCLcB\/s1600\/jeremias%2B1.jpg\" imageanchor=\"1\" style=\"margin-left: 1em; margin-right: 1em;\"><img loading=\"lazy\" decoding=\"async\" border=\"0\" height=\"225\" src=\"http:\/\/blogdoedvaldomagalhaes.com.br\/wp-content\/uploads\/2017\/01\/jeremias1.jpg\" width=\"400\" \/><\/a><\/div>\n<div class=\"separator\" style=\"clear: both; text-align: center;\">\n<\/div>\n<div style=\"background: rgb(255, 255, 255); letter-spacing: -0.02em; line-height: 1.45em; outline: 0px; padding: 0px 0px 1.5em; text-align: justify;\">\nA 17\u00aa edi\u00e7\u00e3o do \u00c1guas de Oxal\u00e1 foi realizada nesse domingo (29), no Monte Bom Jesus, em Caruaru. O evento, que teve cunho religioso, cultural de matriz africana, e sincretismo com a Igreja Cat\u00f3lica.&nbsp;<\/div>\n<div class=\"separator\" style=\"clear: both; text-align: center;\">\n<a href=\"https:\/\/3.bp.blogspot.com\/-AJiF9oI9RM8\/WI8brMcqHII\/AAAAAAAAOU4\/U5JvLa612qoNRYm0v2u3laGmola6GHolQCLcB\/s1600\/jeremias%2B3.jpg\" imageanchor=\"1\" style=\"margin-left: 1em; margin-right: 1em;\"><img loading=\"lazy\" decoding=\"async\" border=\"0\" height=\"225\" src=\"http:\/\/blogdoedvaldomagalhaes.com.br\/wp-content\/uploads\/2017\/01\/jeremias3.jpg\" width=\"400\" \/><\/a><\/div>\n<div class=\"separator\" style=\"clear: both; text-align: center;\">\n<\/div>\n<div style=\"background: rgb(255, 255, 255); letter-spacing: -0.02em; line-height: 1.45em; outline: 0px; padding: 0px 0px 1.5em; text-align: justify;\">\nA cerim\u00f4nia candomblecista do Terreiro T\u2019Azery Lad\u00e8 foi organizada pela yalorix\u00e1 Maria de Lourdes, a \u201cM\u00e3e Lourdes\u201d. O rito terminou com a lavagem das escadarias da Igreja de Santa Luzia. O Boi Tira Teima e o grupo de Dan\u00e7a Caruafro e o Afox\u00e9 Xapan\u00e3lad\u00ea tamb\u00e9m se apresentaram.<\/div>\n<div class=\"separator\" style=\"clear: both; text-align: center;\">\n<a href=\"https:\/\/1.bp.blogspot.com\/-Bn2GGFdOhU0\/WI8bwl0WvmI\/AAAAAAAAOU8\/CwZBCrU3enQyekkIdaxqdZOY6qRt77ELgCLcB\/s1600\/jeremias%2B2.jpg\" imageanchor=\"1\" style=\"margin-left: 1em; margin-right: 1em;\"><img loading=\"lazy\" decoding=\"async\" border=\"0\" height=\"180\" src=\"http:\/\/blogdoedvaldomagalhaes.com.br\/wp-content\/uploads\/2017\/01\/jeremias2.jpg\" width=\"320\" \/><\/a><\/div>\n<div class=\"separator\" style=\"clear: both; text-align: center;\">\n<\/div>\n<div style=\"background: rgb(255, 255, 255); letter-spacing: -0.02em; line-height: 1.45em; outline: 0px; padding: 0px 0px 1.5em; text-align: justify;\">\nO \u00c1guas de Oxal\u00e1 foi organizado pelo Terreiro T\u2019Azery Lad\u00e8 com apoio do Coletivo Afro Brasileiro Bar\u00e1 As\u00e1, Pastoral da Cultura da Diocese de Caruaru, Coletivo de Terreiros de Caruaru, e das Secretarias de Pol\u00edticas para as Mulheres, de Desenvolvimento Social, Inclus\u00e3o e Direitos Humanos, de Educa\u00e7\u00e3o e Funda\u00e7\u00e3o de Cultura e Turismo.<\/div>\n","protected":false},"excerpt":{"rendered":"<p>A 17\u00aa edi\u00e7\u00e3o do \u00c1guas de Oxal\u00e1 foi realizada nesse domingo (29), no Monte Bom Jesus, em Caruaru. O evento,&hellip;<\/p>\n","protected":false},"author":1,"featured_media":0,"comment_status":"open","ping_status":"open","sticky":false,"template":"","format":"standard","meta":{"footnotes":""},"categories":[1],"tags":[2,9473,3955,6,9474,9475],"class_list":["post-6922","post","type-post","status-publish","format-standard","hentry","category-sem-categoria","tag-blog-do-edvaldo-magalhaes","tag-coletivo-afro-brasileiro-bara-asa","tag-monte-bom-jesus","tag-noticias","tag-terreiro-tazery-lade","tag-veja-como-foi-o-17o-aguas-de-oxala-em-caruaru"],"_links":{"self":[{"href":"https:\/\/blogdoedvaldomagalhaes.com.br\/index.php\/wp-json\/wp\/v2\/posts\/6922","targetHints":{"allow":["GET"]}}],"collection":[{"href":"https:\/\/blogdoedvaldomagalhaes.com.br\/index.php\/wp-json\/wp\/v2\/posts"}],"about":[{"href":"https:\/\/blogdoedvaldomagalhaes.com.br\/index.php\/wp-json\/wp\/v2\/types\/post"}],"author":[{"embeddable":true,"href":"https:\/\/blogdoedvaldomagalhaes.com.br\/index.php\/wp-json\/wp\/v2\/users\/1"}],"replies":[{"embeddable":true,"href":"https:\/\/blogdoedvaldomagalhaes.com.br\/index.php\/wp-json\/wp\/v2\/comments?post=6922"}],"version-history":[{"count":1,"href":"https:\/\/blogdoedvaldomagalhaes.com.br\/index.php\/wp-json\/wp\/v2\/posts\/6922\/revisions"}],"predecessor-version":[{"id":16408,"href":"https:\/\/blogdoedvaldomagalhaes.com.br\/index.php\/wp-json\/wp\/v2\/posts\/6922\/revisions\/16408"}],"wp:attachment":[{"href":"https:\/\/blogdoedvaldomagalhaes.com.br\/index.php\/wp-json\/wp\/v2\/media?parent=6922"}],"wp:term":[{"taxonomy":"category","embeddable":true,"href":"https:\/\/blogdoedvaldomagalhaes.com.br\/index.php\/wp-json\/wp\/v2\/categories?post=6922"},{"taxonomy":"post_tag","embeddable":true,"href":"https:\/\/blogdoedvaldomagalhaes.com.br\/index.php\/wp-json\/wp\/v2\/tags?post=6922"}],"curies":[{"name":"wp","href":"https:\/\/api.w.org\/{rel}","templated":true}]}}