{"id":6915,"date":"2017-01-30T18:21:00","date_gmt":"2017-01-30T20:21:00","guid":{"rendered":"http:\/\/blogdoedvaldomagalhaes.com.br\/index.php\/2017\/01\/30\/agrestina-passa-integrar-o-mapa-turismo\/"},"modified":"2019-02-09T01:15:21","modified_gmt":"2019-02-09T03:15:21","slug":"agrestina-passa-integrar-o-mapa-turismo","status":"publish","type":"post","link":"https:\/\/blogdoedvaldomagalhaes.com.br\/index.php\/2017\/01\/30\/agrestina-passa-integrar-o-mapa-turismo\/","title":{"rendered":"Agrestina passa a integrar o Mapa Turismo Brasileiro"},"content":{"rendered":"<div class=\"separator\" style=\"clear: both; text-align: center;\">\n<a href=\"https:\/\/3.bp.blogspot.com\/-60rgdOyewJw\/WI-Dn2WxjNI\/AAAAAAAAOXM\/JfbP-KvSprMwuNFKng3DdIKG9nUXC_hhQCLcB\/s1600\/agrestina.jpg\" imageanchor=\"1\" style=\"margin-left: 1em; margin-right: 1em;\"><img loading=\"lazy\" decoding=\"async\" border=\"0\" height=\"266\" src=\"http:\/\/blogdoedvaldomagalhaes.com.br\/wp-content\/uploads\/2017\/01\/agrestina.jpg\" width=\"400\" \/><\/a><\/div>\n<div class=\"separator\" style=\"clear: both; text-align: center;\">\nFoto: Adriano Monteiro\/Decom-PMA<\/div>\n<div style=\"line-height: 14.5pt; margin: 4.5pt 0cm;\">\n<\/div>\n<div style=\"line-height: 14.5pt; margin: 4.5pt 0cm; text-align: justify;\">\nCom a nova atualiza\u00e7\u00e3o<br \/>\nrealizada no Mapa Turismo Brasileiro, pelo Minist\u00e9rio do Turismo, o<br \/>\nEstado de Pernambuco passa a ter novo mapa tur\u00edstico. \u00c9 que, com a<br \/>\nmudan\u00e7a, o estado ficou com apenas 57 dos 72 munic\u00edpios da \u00faltima<br \/>\natualiza\u00e7\u00e3o. Apesar dessa redu\u00e7\u00e3o de munic\u00edpios, agora, Agrestina passa a<br \/>\n fazer parte do mapa, sendo inclu\u00edda na regi\u00e3o Encantos do Agreste.<\/div>\n<div style=\"line-height: 14.5pt; margin: 4.5pt 0cm; text-align: justify;\">\nDa regi\u00e3o Encantos do Agreste fazem parte ainda as cidades de&nbsp;Cupira,<br \/>\n Lagoa dos Gatos e Panelas que tamb\u00e9m integram a Rota 104, projeto que<br \/>\ntem como objetivo dar visibilidade \u00e0s cidades e que tem como<br \/>\ninterlocutor o secret\u00e1rio de Cultura e Turismo de Agrestina, Josenildo<br \/>\nSantos.<\/div>\n<div style=\"line-height: 14.5pt; margin: 0cm 0cm 4.5pt; text-align: justify;\">\nCom<br \/>\n essa atualiza\u00e7\u00e3o, as cidades dessa regi\u00e3o est\u00e3o aptas a receber<br \/>\ninvestimentos do Minist\u00e9rio do Turismo uma vez que tem potencial na<br \/>\ngastronomia, cultura e artesanato, fortalecendo assim o turismo<br \/>\nregional.<\/div>\n","protected":false},"excerpt":{"rendered":"<p>Foto: Adriano Monteiro\/Decom-PMA Com a nova atualiza\u00e7\u00e3o realizada no Mapa Turismo Brasileiro, pelo Minist\u00e9rio do Turismo, o Estado de Pernambuco&hellip;<\/p>\n","protected":false},"author":1,"featured_media":0,"comment_status":"open","ping_status":"open","sticky":false,"template":"","format":"standard","meta":{"footnotes":""},"categories":[1],"tags":[9460,992,4587,7073,9461,9462,4226,20,9463],"class_list":["post-6915","post","type-post","status-publish","format-standard","hentry","category-sem-categoria","tag-agrestina-passa-a-integrar-o-mapa-turismo-brasileiro","tag-blog-do-edvaldo-do-magalhaes","tag-cupira","tag-josenildo-santos","tag-lagoa-dos-gatos","tag-ministerio-do-turismo","tag-panelas","tag-politica","tag-rota-104"],"_links":{"self":[{"href":"https:\/\/blogdoedvaldomagalhaes.com.br\/index.php\/wp-json\/wp\/v2\/posts\/6915","targetHints":{"allow":["GET"]}}],"collection":[{"href":"https:\/\/blogdoedvaldomagalhaes.com.br\/index.php\/wp-json\/wp\/v2\/posts"}],"about":[{"href":"https:\/\/blogdoedvaldomagalhaes.com.br\/index.php\/wp-json\/wp\/v2\/types\/post"}],"author":[{"embeddable":true,"href":"https:\/\/blogdoedvaldomagalhaes.com.br\/index.php\/wp-json\/wp\/v2\/users\/1"}],"replies":[{"embeddable":true,"href":"https:\/\/blogdoedvaldomagalhaes.com.br\/index.php\/wp-json\/wp\/v2\/comments?post=6915"}],"version-history":[{"count":1,"href":"https:\/\/blogdoedvaldomagalhaes.com.br\/index.php\/wp-json\/wp\/v2\/posts\/6915\/revisions"}],"predecessor-version":[{"id":16425,"href":"https:\/\/blogdoedvaldomagalhaes.com.br\/index.php\/wp-json\/wp\/v2\/posts\/6915\/revisions\/16425"}],"wp:attachment":[{"href":"https:\/\/blogdoedvaldomagalhaes.com.br\/index.php\/wp-json\/wp\/v2\/media?parent=6915"}],"wp:term":[{"taxonomy":"category","embeddable":true,"href":"https:\/\/blogdoedvaldomagalhaes.com.br\/index.php\/wp-json\/wp\/v2\/categories?post=6915"},{"taxonomy":"post_tag","embeddable":true,"href":"https:\/\/blogdoedvaldomagalhaes.com.br\/index.php\/wp-json\/wp\/v2\/tags?post=6915"}],"curies":[{"name":"wp","href":"https:\/\/api.w.org\/{rel}","templated":true}]}}