{"id":69149,"date":"2021-04-22T08:39:37","date_gmt":"2021-04-22T11:39:37","guid":{"rendered":"https:\/\/blogdoedvaldomagalhaes.com.br\/?p=69149"},"modified":"2021-04-22T11:24:35","modified_gmt":"2021-04-22T14:24:35","slug":"carro-cai-em-cratera-durante-chuva-em-garanhuns-e-mulher-e-levada-pela-correnteza","status":"publish","type":"post","link":"https:\/\/blogdoedvaldomagalhaes.com.br\/index.php\/2021\/04\/22\/carro-cai-em-cratera-durante-chuva-em-garanhuns-e-mulher-e-levada-pela-correnteza\/","title":{"rendered":"Carro cai em cratera durante chuva em Garanhuns e mulher \u00e9 levada pela correnteza"},"content":{"rendered":"<p style=\"text-align: justify;\">Uma forte chuva causou transtornos na noite desta quarta-feira (21), em Garanhuns.\u00a0Um carro caiu em uma cratera e uma jovem desapareceu na correnteza.<\/p>\n<p style=\"text-align: justify;\">De acordo com informa\u00e7\u00f5es de populares, Nayara de Melo, 23 anos, ajudava o esposo e amigos a empurrar o ve\u00edculo que estava sendo carregado pela \u00e1gua quando tamb\u00e9m foi arrastada e desapareceu.<\/p>\n<p style=\"text-align: justify;\">Equipes do Corpo de Bombeiros, Defesa Civil, Guarda Municipal e Secretaria de Obras realizaram buscas at\u00e9 a madrugada e retomaram os trabalhos nesta manh\u00e3 de quinta-feira (22).<\/p>\n<p style=\"text-align: justify;\">Por Helenivaldo Pereira.<\/p>\n\n\n<figure class=\"wp-block-image size-large\"><img loading=\"lazy\" decoding=\"async\" width=\"1024\" height=\"769\" src=\"https:\/\/blogdoedvaldomagalhaes.com.br\/wp-content\/uploads\/2021\/04\/IMG-20210422-WA0099-1024x769.jpg\" alt=\"\" class=\"wp-image-69159\" srcset=\"https:\/\/blogdoedvaldomagalhaes.com.br\/wp-content\/uploads\/2021\/04\/IMG-20210422-WA0099-1024x769.jpg 1024w, https:\/\/blogdoedvaldomagalhaes.com.br\/wp-content\/uploads\/2021\/04\/IMG-20210422-WA0099-300x225.jpg 300w, https:\/\/blogdoedvaldomagalhaes.com.br\/wp-content\/uploads\/2021\/04\/IMG-20210422-WA0099-768x577.jpg 768w, https:\/\/blogdoedvaldomagalhaes.com.br\/wp-content\/uploads\/2021\/04\/IMG-20210422-WA0099-160x120.jpg 160w, https:\/\/blogdoedvaldomagalhaes.com.br\/wp-content\/uploads\/2021\/04\/IMG-20210422-WA0099.jpg 1080w\" sizes=\"auto, (max-width: 1024px) 100vw, 1024px\" \/><figcaption>Fotos: Reprodu\u00e7\u00e3o\/Comando Policial<\/figcaption><\/figure>\n","protected":false},"excerpt":{"rendered":"<p>Uma forte chuva causou transtornos na noite desta quarta-feira (21), em Garanhuns.\u00a0Um carro caiu em uma cratera e uma jovem&hellip;<\/p>\n","protected":false},"author":1,"featured_media":69150,"comment_status":"open","ping_status":"open","sticky":false,"template":"","format":"standard","meta":{"footnotes":""},"categories":[14120],"tags":[2,19532,21405,3479,6],"class_list":["post-69149","post","type-post","status-publish","format-standard","has-post-thumbnail","hentry","category-noticias","tag-blog-do-edvaldo-magalhaes","tag-blog-mais-acessado-e-visualizado-de-caruaru-e-regiao","tag-carro-cai-em-cratera-durante-chuva-em-garanhuns-e-mulher-e-levada-pela-correnteza","tag-chuva","tag-noticias"],"_links":{"self":[{"href":"https:\/\/blogdoedvaldomagalhaes.com.br\/index.php\/wp-json\/wp\/v2\/posts\/69149","targetHints":{"allow":["GET"]}}],"collection":[{"href":"https:\/\/blogdoedvaldomagalhaes.com.br\/index.php\/wp-json\/wp\/v2\/posts"}],"about":[{"href":"https:\/\/blogdoedvaldomagalhaes.com.br\/index.php\/wp-json\/wp\/v2\/types\/post"}],"author":[{"embeddable":true,"href":"https:\/\/blogdoedvaldomagalhaes.com.br\/index.php\/wp-json\/wp\/v2\/users\/1"}],"replies":[{"embeddable":true,"href":"https:\/\/blogdoedvaldomagalhaes.com.br\/index.php\/wp-json\/wp\/v2\/comments?post=69149"}],"version-history":[{"count":2,"href":"https:\/\/blogdoedvaldomagalhaes.com.br\/index.php\/wp-json\/wp\/v2\/posts\/69149\/revisions"}],"predecessor-version":[{"id":69161,"href":"https:\/\/blogdoedvaldomagalhaes.com.br\/index.php\/wp-json\/wp\/v2\/posts\/69149\/revisions\/69161"}],"wp:featuredmedia":[{"embeddable":true,"href":"https:\/\/blogdoedvaldomagalhaes.com.br\/index.php\/wp-json\/wp\/v2\/media\/69150"}],"wp:attachment":[{"href":"https:\/\/blogdoedvaldomagalhaes.com.br\/index.php\/wp-json\/wp\/v2\/media?parent=69149"}],"wp:term":[{"taxonomy":"category","embeddable":true,"href":"https:\/\/blogdoedvaldomagalhaes.com.br\/index.php\/wp-json\/wp\/v2\/categories?post=69149"},{"taxonomy":"post_tag","embeddable":true,"href":"https:\/\/blogdoedvaldomagalhaes.com.br\/index.php\/wp-json\/wp\/v2\/tags?post=69149"}],"curies":[{"name":"wp","href":"https:\/\/api.w.org\/{rel}","templated":true}]}}