{"id":69144,"date":"2021-04-21T19:10:56","date_gmt":"2021-04-21T22:10:56","guid":{"rendered":"https:\/\/blogdoedvaldomagalhaes.com.br\/?p=69144"},"modified":"2021-04-21T19:15:49","modified_gmt":"2021-04-21T22:15:49","slug":"numeros-de-recuperados-da-covid-19-chegam-a-85-em-pernambuco","status":"publish","type":"post","link":"https:\/\/blogdoedvaldomagalhaes.com.br\/index.php\/2021\/04\/21\/numeros-de-recuperados-da-covid-19-chegam-a-85-em-pernambuco\/","title":{"rendered":"N\u00fameros de recuperados da Covid-19 chegam a 85% em Pernambuco"},"content":{"rendered":"<p style=\"text-align: justify;\">A Secretaria Estadual de Sa\u00fade (SES-PE) registrou, nesta quarta-feira (21\/04), 2.480 casos da Covid-19. Entre os confirmados hoje, 134 (5,5%) s\u00e3o casos de S\u00edndrome Respirat\u00f3ria Aguda Grave (SRAG) e 2.346 (94,5%) s\u00e3o leves. Agora, Pernambuco totaliza 388.507 casos confirmados da doen\u00e7a, sendo 39.094 graves e 349.413 leves, que est\u00e3o distribu\u00eddos por todos os 184 munic\u00edpios pernambucanos, al\u00e9m do arquip\u00e9lago de Fernando de Noronha.<\/p>\n<p style=\"text-align: justify;\">Al\u00e9m disso, o boletim registra um total de 330.166 pacientes recuperados da doen\u00e7a, o que representa 85% de todas as ocorr\u00eancias. Destes, 22.950 eram pacientes graves, que necessitaram de internamento hospitalar, e 307.216 eram casos leves.<\/p>\n<p style=\"text-align: justify;\">Tamb\u00e9m foram confirmados laboratorialmente 63 novos \u00f3bitos (36 masculinos e 27 femininos), ocorridos entre os dias 25\/11\/2020 e 20\/04\/2021.\u00a0As novas mortes s\u00e3o de pessoas residentes nos munic\u00edpios de Abreu e Lima (1), Araripina (1), Arcoverde (1), Cabo de Santo Agostinho (1), Cabrob\u00f3 (2), Camaragibe (4), Flores (1), Garanhuns (1), Ibimirim (1), Igarassu (1), Ipojuca (2), Jaboat\u00e3o dos Guararapes (4), Lagoa Grande (1), Limoeiro (1), Macaparana (1), Manari (1), Olinda (1), Paulista (2), Petrolina (6), Recife (20), Ribeir\u00e3o (1), Salgueiro (1), S\u00e3o Jos\u00e9 do Belmonte (1), S\u00e3o Louren\u00e7o da Mata (1), Serra Talhada (1), Sert\u00e2nia (1), Venturosa (1), Vit\u00f3ria de Santo Ant\u00e3o (3).\u00a0\u00a0Com isso, o Estado totaliza 13.380 mortes pela doen\u00e7a.<\/p>\n<p style=\"text-align: justify;\">Os pacientes tinham idades entre 31 e 96 anos. As faixas et\u00e1rias s\u00e3o: 30 a 39 (4), 40 a 49 (5), 50 a 59 (10), 60 a 69 (19), 70 a 79 (12), 80 ou mais (13). Do total, 46 tinham doen\u00e7as pr\u00e9-existentes: doen\u00e7a cardiovascular (27), diabetes (16), hipertens\u00e3o (13), doen\u00e7a renal (5), doen\u00e7a respirat\u00f3ria (3), obesidade (3), tabagismo\/hist\u00f3rico de tabagismo (3), imunossupress\u00e3o (2), Alzheimer (1), AVC (1), doen\u00e7a hep\u00e1tica (1), doen\u00e7a neurol\u00f3gica (1), etilismo (1) &#8211; um paciente pode ter mais de uma comorbidade. Um n\u00e3o tinha doen\u00e7a pr\u00e9-existente e os demais seguem em investiga\u00e7\u00e3o.<\/p>\n<p style=\"text-align: justify;\">Com rela\u00e7\u00e3o \u00e0 testagem dos profissionais de sa\u00fade com sintomas de gripe, em Pernambuco, at\u00e9 agora, 28.343 casos foram confirmados e 48.034 descartados. As testagens entre os trabalhadores do setor abrangem os profissionais de todas as unidades de sa\u00fade, sejam da rede p\u00fablica (estadual e municipal) ou privada. O Governo de Pernambuco foi o primeiro do pa\u00eds a criar um protocolo para testar e afastar os profissionais da \u00e1rea da sa\u00fade com sintomas gripais.\u00a0O boletim de hoje tamb\u00e9m traz, em sua parte final, o detalhamento da testagem destes profissionais.<\/p>\n<p style=\"text-align: justify;\"><strong>BALAN\u00c7O DA VACINA\u00c7\u00c3O &#8211;<\/strong>\u00a0Pernambuco j\u00e1 aplicou 1.691.689 doses da vacina contra a Covid-19, das quais 1.221.859 foram primeiras doses. Ao todo, foram feitas a primeira dose em 230.480 trabalhadores de sa\u00fade; 25.073 povos ind\u00edgenas aldeados; 31.976 em comunidades quilombolas; 6.192 idosos em Institui\u00e7\u00f5es de Longa Perman\u00eancia; 360.306 idosos de 60 a 69 anos; 377.365 idosos de 70 a 79 anos; 100.676 idosos de 80 a 84 anos; 87.432 idosos a partir de 85 anos; 911 pessoas com defici\u00eancia institucionalizadas; al\u00e9m de 1.448 trabalhadores das for\u00e7as de seguran\u00e7a e salvamento.<\/p>\n<p style=\"text-align: justify;\">Em rela\u00e7\u00e3o \u00e0 segunda dose, j\u00e1 foram beneficiados 186.887 trabalhadores de sa\u00fade; 24.716 povos ind\u00edgenas aldeados; 36 em comunidades quilombolas; 4.536 idosos institucionalizados; 35.990 idosos de 60 a 69 anos; 171.850 idosos de 70 a 79 anos; 37.152 idosos de 80 a 84 anos; 7.901 idosos a partir de 85 anos, al\u00e9m de 762 pessoas com defici\u00eancia institucionalizadas; totalizando 469.830 pessoas que j\u00e1 finalizaram o esquema.<\/p>\n<p>Foto ilustrativa.<\/p>\n","protected":false},"excerpt":{"rendered":"<p>A Secretaria Estadual de Sa\u00fade (SES-PE) registrou, nesta quarta-feira (21\/04), 2.480 casos da Covid-19. Entre os confirmados hoje, 134 (5,5%)&hellip;<\/p>\n","protected":false},"author":1,"featured_media":69146,"comment_status":"open","ping_status":"open","sticky":false,"template":"","format":"standard","meta":{"footnotes":""},"categories":[14120],"tags":[2,19532,1950,19670,21404],"class_list":["post-69144","post","type-post","status-publish","format-standard","has-post-thumbnail","hentry","category-noticias","tag-blog-do-edvaldo-magalhaes","tag-blog-mais-acessado-e-visualizado-de-caruaru-e-regiao","tag-noticias-de-caruaru","tag-novo-coronavirus","tag-numeros-de-recuperados-da-covid-19-chegam-a-85-em-pernambuco"],"_links":{"self":[{"href":"https:\/\/blogdoedvaldomagalhaes.com.br\/index.php\/wp-json\/wp\/v2\/posts\/69144","targetHints":{"allow":["GET"]}}],"collection":[{"href":"https:\/\/blogdoedvaldomagalhaes.com.br\/index.php\/wp-json\/wp\/v2\/posts"}],"about":[{"href":"https:\/\/blogdoedvaldomagalhaes.com.br\/index.php\/wp-json\/wp\/v2\/types\/post"}],"author":[{"embeddable":true,"href":"https:\/\/blogdoedvaldomagalhaes.com.br\/index.php\/wp-json\/wp\/v2\/users\/1"}],"replies":[{"embeddable":true,"href":"https:\/\/blogdoedvaldomagalhaes.com.br\/index.php\/wp-json\/wp\/v2\/comments?post=69144"}],"version-history":[{"count":2,"href":"https:\/\/blogdoedvaldomagalhaes.com.br\/index.php\/wp-json\/wp\/v2\/posts\/69144\/revisions"}],"predecessor-version":[{"id":69148,"href":"https:\/\/blogdoedvaldomagalhaes.com.br\/index.php\/wp-json\/wp\/v2\/posts\/69144\/revisions\/69148"}],"wp:featuredmedia":[{"embeddable":true,"href":"https:\/\/blogdoedvaldomagalhaes.com.br\/index.php\/wp-json\/wp\/v2\/media\/69146"}],"wp:attachment":[{"href":"https:\/\/blogdoedvaldomagalhaes.com.br\/index.php\/wp-json\/wp\/v2\/media?parent=69144"}],"wp:term":[{"taxonomy":"category","embeddable":true,"href":"https:\/\/blogdoedvaldomagalhaes.com.br\/index.php\/wp-json\/wp\/v2\/categories?post=69144"},{"taxonomy":"post_tag","embeddable":true,"href":"https:\/\/blogdoedvaldomagalhaes.com.br\/index.php\/wp-json\/wp\/v2\/tags?post=69144"}],"curies":[{"name":"wp","href":"https:\/\/api.w.org\/{rel}","templated":true}]}}