{"id":6914,"date":"2017-01-30T18:53:00","date_gmt":"2017-01-30T20:53:00","guid":{"rendered":"http:\/\/blogdoedvaldomagalhaes.com.br\/index.php\/2017\/01\/30\/publicadas-58-exoneracoes-no-diario\/"},"modified":"2019-02-09T01:15:21","modified_gmt":"2019-02-09T03:15:21","slug":"publicadas-58-exoneracoes-no-diario","status":"publish","type":"post","link":"https:\/\/blogdoedvaldomagalhaes.com.br\/index.php\/2017\/01\/30\/publicadas-58-exoneracoes-no-diario\/","title":{"rendered":"Publicadas mais exonera\u00e7\u00f5es no Di\u00e1rio Oficial de Caruaru nesta segunda (30)"},"content":{"rendered":"<div style=\"text-align: justify;\">\n<div class=\"separator\" style=\"clear: both; text-align: center;\">\n<a href=\"https:\/\/1.bp.blogspot.com\/-Nr5c38HmUpk\/WI-MU3BWNUI\/AAAAAAAAOXc\/UFoEqhlpmjAXVipGFISDS17KbTdEJgUbACLcB\/s1600\/di%25C3%25A1rio.png\" imageanchor=\"1\" style=\"margin-left: 1em; margin-right: 1em;\"><img loading=\"lazy\" decoding=\"async\" border=\"0\" height=\"161\" src=\"http:\/\/blogdoedvaldomagalhaes.com.br\/wp-content\/uploads\/2017\/01\/diC3A1rio.png\" width=\"400\" \/><\/a><\/div>\n<p><\/div>\n<div style=\"text-align: justify;\">\nA Prefeita de Caruaru, Raquel Lyra (PSDB), no uso das<\/div>\n<div style=\"text-align: justify;\">\natribui\u00e7\u00f5es, que lhe confere o art. 55 da Lei Org\u00e2nica do Munic\u00edpio,<\/div>\n<div style=\"text-align: justify;\">\nresolve exonerar os seguintes ocupantes de cargo de provimento em<\/div>\n<div style=\"text-align: justify;\">\ncomiss\u00e3o, com efeitos retroativos a 01.01.2017:<\/div>\n<div style=\"text-align: justify;\">\n<\/div>\n<div style=\"text-align: justify;\">\nANDRE LUIS FERRER TEIXEIRA, do cargo de Assessor Especial;<\/div>\n<div style=\"text-align: justify;\">\nAPARECIDO JACSON PEREIRA DE LUCENA SOUTO MAIOR,&nbsp;do cargo de Assessor Especial;<\/div>\n<div style=\"text-align: justify;\">\nGUSTAVO HENRIQUE LIMA NUNES,&nbsp;do cargo de Assessor T\u00e9cnico de Controle Interno;<\/div>\n<div style=\"text-align: justify;\">\nISABELA NERY CAVALCANTI, do&nbsp;cargo de Assessor Especial;<\/div>\n<div style=\"text-align: justify;\">\nIRIS DANIELE MARCOLINO DA SILVA,&nbsp;do cargo de Assessor Especial;<\/div>\n<div style=\"text-align: justify;\">\nIVAN MARCIO LIMA DE BULH\u00d5ES,&nbsp;do cargo de Assessor Especial;<\/div>\n<div style=\"text-align: justify;\">\nJOSIMAR PEREIRA CORREIA, do&nbsp;cargo de Assessor Especial;<\/div>\n<div style=\"text-align: justify;\">\nJOSE LUCIANO DA COSTA GOIS,&nbsp;do cargo de Assessor Especial;<\/div>\n<div style=\"text-align: justify;\">\nMARCOS AUGUSTO DANTAS ALMEIDA,&nbsp;do cargo de Assessor Extraordin\u00e1rio de Gabinete;<\/div>\n<div style=\"text-align: justify;\">\nMARIA DO SOCORRO CARNEIRO BRITO,&nbsp;do cargo de Assistente de Gabinete;<\/div>\n<div style=\"text-align: justify;\">\nMARIA SIMONE MOREIRA DOS SANTOS,&nbsp;do cargo de Assessor Especial;<\/div>\n<div style=\"text-align: justify;\">\nOSCARLINO LEMOS LARANJEIRA, do cargo de Assessor Especial;<\/div>\n<div style=\"text-align: justify;\">\nANDREA CARLA VASCONCELOS REIS,&nbsp;do cargo de Assessor Especial;<\/div>\n<div style=\"text-align: justify;\">\nFELIPE PAES DE ANDRADE GUINHO,&nbsp;do cargo de Assistente T\u00e9cnico 1;<\/div>\n<div style=\"text-align: justify;\">\nFRANCISCO DE ASSIS BRITO, do&nbsp;cargo de Assessor de Comunica\u00e7\u00e3o;<\/div>\n<div style=\"text-align: justify;\">\nJACIANE GRAZIELE DA SILVA, do&nbsp;cargo de Assistente T\u00e9cnico 3;<\/div>\n<div style=\"text-align: justify;\">\nERICA SORAYA DE ANDRADE FRANCA,&nbsp;do cargo de Assistente T\u00e9cnico 5;<\/div>\n<div style=\"text-align: justify;\">\nJORGE PORTELA DE MACEDO NETO,&nbsp;do cargo de Assistente T\u00e9cnico 3;<\/div>\n<div style=\"text-align: justify;\">\nJURANDIR OLIVEIRA DA SILVA,&nbsp;do cargo de Assistente T\u00e9cnico;<\/div>\n<div style=\"text-align: justify;\">\nMARIA DAS GRACAS RIBAS, do&nbsp;cargo de Assistente T\u00e9cnico 7;<\/div>\n<div style=\"text-align: justify;\">\nMARIA DO SOCORRO DE LIMA BARBOSA, do cargo de Coordenador de A\u00e7\u00e3o Administrativa e Licita\u00e7\u00e3o;<\/div>\n<div style=\"text-align: justify;\">\nMARIA DA PAZ SOARES MACIEL,&nbsp;do cargo de Direto de Departamento;<\/div>\n<div style=\"text-align: justify;\">\nMARINA IZABEL CAVALCANTI DE ALMEIDA FEITOSA,&nbsp;do cargo de Assistente T\u00e9cnico 1;<\/div>\n<div style=\"text-align: justify;\">\nNELMA LUCIA SOARES MELO, do&nbsp;cargo de Assistente T\u00e9cnico 1;<\/div>\n<div style=\"text-align: justify;\">\nPEDRO MANUEL FERREIRA FRANCA PRAXEDES DA SILVA,&nbsp;do cargo de Diretor de departamento;<\/div>\n<div style=\"text-align: justify;\">\nFLAVIO DE LIRA LEITE, do cargo&nbsp;de Assessor Especial;<\/div>\n<div style=\"text-align: justify;\">\nOSMAR FABRICIO LIMA OLIVEIRA,&nbsp;do cargo de Diretor de Departamento;<\/div>\n<div style=\"text-align: justify;\">\nGIHANNA VALERIA VIEIRA LEITE,&nbsp;do cargo de Assistente T\u00e9cnico 2;<\/div>\n<div style=\"text-align: justify;\">\nVANESSA MOUSINHO DE MEDEIROS, do&nbsp;cargo de Assistente T\u00e9cnico 2;<\/div>\n<div style=\"text-align: justify;\">\nANTONIA NUNES DO EGITO, do&nbsp;cargo de Assistente T\u00e9cnico 2;<\/div>\n<div style=\"text-align: justify;\">\nIRVIN ALLONSO LEITE DA ROCHA,&nbsp;do cargo de Diretor de Departamento;<\/div>\n<div style=\"text-align: justify;\">\nLAIS LIMA FELIX, do cargo de&nbsp;Diretor de Departamento;<\/div>\n<div style=\"text-align: justify;\">\nMARIA DO SOCORRO ALVES DE SOBRAL, do cargo de&nbsp;Assessor Especial do Secret\u00e1rio Municipal;<\/div>\n<div style=\"text-align: justify;\">\nHUGA PEREIRA FERNANDES DE GOES SILVA,&nbsp;do cargo de Assessor Especial;<\/div>\n<div style=\"text-align: justify;\">\nJOSEANE MARIA DO NASCIMENTO ROUXINOL,&nbsp;do cargo de Assessor Especial;<\/div>\n<div style=\"text-align: justify;\">\nDJEINYELLE MARQUES DA SILVA,&nbsp;do cargo de Diretor de Departamento;<\/div>\n<div style=\"text-align: justify;\">\nEDER OLIVEIRA DA SILVA, do&nbsp;cargo de Chefe de Divis\u00e3o;<\/div>\n<div style=\"text-align: justify;\">\nELEN MONTES SANTOS DE QUEIROZ,&nbsp;do cargo de Assessor Especial do Secret\u00e1rio;<\/div>\n<div style=\"text-align: justify;\">\nGRACIELMA ARAUJO DA COSTA PEREIRA,&nbsp;do cargo de Diretor de Departamento;<\/div>\n<div style=\"text-align: justify;\">\nJULIANA SOBREIRA DE SA SILVA,&nbsp;do cargo de Assistente T\u00e9cnico 5;<\/div>\n<div style=\"text-align: justify;\">\nLUIS GUSTAVO PEREIRA LYRA, n\u00e3o foi divulgado o cargo;<\/div>\n<div style=\"text-align: justify;\">\nMARIA ADRIANA DA SILVA, do&nbsp;cargo de Assistente T\u00e9cnico 4;<\/div>\n<div style=\"text-align: justify;\">\nSYLVANIA ANTUNES LIRA, do&nbsp;cargo de Supervisor de Arrecada\u00e7\u00e3o;<\/div>\n<div style=\"text-align: justify;\">\nADEMAR MENDES DA SILVA, do&nbsp;cargo de Chefe de Setor;<\/div>\n<div style=\"text-align: justify;\">\nCARLOS ROBERTO GOMES DE SOUZA, do cargo de Chefe de Setor;<\/div>\n<div style=\"text-align: justify;\">\nERICK SIMONS MOREIRA DOS SANTOS,&nbsp;do cargo de Supervisor de \u00c1rea;<\/div>\n<div style=\"text-align: justify;\">\nEVANDRO MATIAS DA SILVA, do&nbsp;cargo de Assistente de Fiscaliza\u00e7\u00e3o de \u00c1rea;<\/div>\n<div style=\"text-align: justify;\">\nFLAVIO BEZERRA DA SILVA, do&nbsp;cargo de Assistente T\u00e9cnico 3;<\/div>\n<div style=\"text-align: justify;\">\nFLAVIO BEZERRA LOPES JUNIOR,&nbsp;do cargo de Assistente T\u00e9cnico 3;<\/div>\n<div style=\"text-align: justify;\">\nMAIARA RUFINO SILVA RAMOS,&nbsp;do cargo de Assistente T\u00e9cnico 3;<\/div>\n<div style=\"text-align: justify;\">\nMAURICIO SILVA, do cargo de&nbsp;Diretor de Departamento;<\/div>\n<div style=\"text-align: justify;\">\nMILENA KATHARINE CAVALCANTE LIRA,&nbsp;do cargo de Assistente T\u00e9cnico 3;<\/div>\n<div style=\"text-align: justify;\">\nODAIR JOSE DA SILVA, do cargo&nbsp;de Assistente de Fiscaliza\u00e7\u00e3o de \u00c1rea;<\/div>\n<div style=\"text-align: justify;\">\nRINALDO BEZERRA DA SILVA, do&nbsp;cargo de Assistente de Fiscaliza\u00e7\u00e3o de \u00c1rea;<\/div>\n<div style=\"text-align: justify;\">\nSEVERINO DOS RAMOS DE VASCONCELOS, do cargo de&nbsp;Supervisor de \u00c1rea;<\/div>\n<div style=\"text-align: justify;\">\nVLADIMIR BEZERRA DO NASCIMENTO,&nbsp;do cargo de Assessor Especial;<\/div>\n<div style=\"text-align: justify;\">\nDOMINGOS SAVIO DA COSTA GOIS,&nbsp;do cargo de Assistente T\u00e9cnico 3;<\/div>\n<div style=\"text-align: justify;\">\nSILENE FEITOSA DE QUEIROZ,&nbsp;Oficial de Gabinete de Secret\u00e1rio.<\/div>\n","protected":false},"excerpt":{"rendered":"<p>A Prefeita de Caruaru, Raquel Lyra (PSDB), no uso das atribui\u00e7\u00f5es, que lhe confere o art. 55 da Lei Org\u00e2nica&hellip;<\/p>\n","protected":false},"author":1,"featured_media":0,"comment_status":"open","ping_status":"open","sticky":false,"template":"","format":"standard","meta":{"footnotes":""},"categories":[1],"tags":[992,20,9459],"class_list":["post-6914","post","type-post","status-publish","format-standard","hentry","category-sem-categoria","tag-blog-do-edvaldo-do-magalhaes","tag-politica","tag-publicadas-58-exoneracoes-no-diario-oficial-de-caruaru-nesta-segunda-30"],"_links":{"self":[{"href":"https:\/\/blogdoedvaldomagalhaes.com.br\/index.php\/wp-json\/wp\/v2\/posts\/6914","targetHints":{"allow":["GET"]}}],"collection":[{"href":"https:\/\/blogdoedvaldomagalhaes.com.br\/index.php\/wp-json\/wp\/v2\/posts"}],"about":[{"href":"https:\/\/blogdoedvaldomagalhaes.com.br\/index.php\/wp-json\/wp\/v2\/types\/post"}],"author":[{"embeddable":true,"href":"https:\/\/blogdoedvaldomagalhaes.com.br\/index.php\/wp-json\/wp\/v2\/users\/1"}],"replies":[{"embeddable":true,"href":"https:\/\/blogdoedvaldomagalhaes.com.br\/index.php\/wp-json\/wp\/v2\/comments?post=6914"}],"version-history":[{"count":1,"href":"https:\/\/blogdoedvaldomagalhaes.com.br\/index.php\/wp-json\/wp\/v2\/posts\/6914\/revisions"}],"predecessor-version":[{"id":16427,"href":"https:\/\/blogdoedvaldomagalhaes.com.br\/index.php\/wp-json\/wp\/v2\/posts\/6914\/revisions\/16427"}],"wp:attachment":[{"href":"https:\/\/blogdoedvaldomagalhaes.com.br\/index.php\/wp-json\/wp\/v2\/media?parent=6914"}],"wp:term":[{"taxonomy":"category","embeddable":true,"href":"https:\/\/blogdoedvaldomagalhaes.com.br\/index.php\/wp-json\/wp\/v2\/categories?post=6914"},{"taxonomy":"post_tag","embeddable":true,"href":"https:\/\/blogdoedvaldomagalhaes.com.br\/index.php\/wp-json\/wp\/v2\/tags?post=6914"}],"curies":[{"name":"wp","href":"https:\/\/api.w.org\/{rel}","templated":true}]}}