{"id":69134,"date":"2021-04-21T10:59:06","date_gmt":"2021-04-21T13:59:06","guid":{"rendered":"https:\/\/blogdoedvaldomagalhaes.com.br\/?p=69134"},"modified":"2021-04-21T10:59:09","modified_gmt":"2021-04-21T13:59:09","slug":"deputado-erick-lessa-solicita-que-prefeitura-de-caruaru-amplie-vacinacao-contra-covid-19-para-pessoas-com-mais-de-60-anos","status":"publish","type":"post","link":"https:\/\/blogdoedvaldomagalhaes.com.br\/index.php\/2021\/04\/21\/deputado-erick-lessa-solicita-que-prefeitura-de-caruaru-amplie-vacinacao-contra-covid-19-para-pessoas-com-mais-de-60-anos\/","title":{"rendered":"Deputado Erick Lessa solicita que Prefeitura de Caruaru amplie vacina\u00e7\u00e3o contra covid-19 para pessoas com mais de 60 anos"},"content":{"rendered":"<p style=\"text-align: justify;\"><span style=\"font-size: inherit;\">Atrav\u00e9s de indica\u00e7\u00e3o, o deputado estadual Erick Lessa (Progressistas) solicitou que a gest\u00e3o do munic\u00edpio de Caruaru amplie a faixa et\u00e1ria de mais de 60 anos para o agendamento e vacina\u00e7\u00e3o contra a covid-19. Segundo o documento, protocolado nesta ter\u00e7a-feira (20), o apelo justifica-se porque Caruaru est\u00e1 aqu\u00e9m na execu\u00e7\u00e3o do cronograma de vacina\u00e7\u00e3o com doses distribu\u00eddas.<\/span><\/p>\n<p style=\"text-align: justify;\">Dados do site da Prefeitura apontam que o munic\u00edpio teria recebido 66.722 doses de vacinas e aplicado 43.912 doses at\u00e9 o dia 19\/04. \u201cAs referidas informa\u00e7\u00f5es nos preocupam, partindo do pressuposto de que v\u00e1rias outras cidades, com quantitativo populacional superior, e que tamb\u00e9m recebem as doses de vacinas em quantidade proporcional \u00e0 popula\u00e7\u00e3o, j\u00e1 iniciaram vacina\u00e7\u00e3o para o grupo acima de 60 anos de idade, enquanto que Caruaru apenas a partir do dia 17\/04 entrou na fase de cadastro\/agendamento das pessoas com 63 e 64 anos\u201d, compara o deputado.<\/p>\n<p style=\"text-align: justify;\">Munic\u00edpios como Olinda, Jaboat\u00e3o dos Guararapes, Recife, Toritama e Santa Cruz do Capibaribe iniciaram o cadastro e vacina\u00e7\u00e3o para pessoas com mais de 60 anos de idade. Em Petrolina, a vacina\u00e7\u00e3o de pessoas acima de 62 anos ocorre desde o dia 12, e o cadastro de quem tem mais de 61 anos foi iniciado no dia 17. \u201cNeste cen\u00e1rio, tendo em vista que j\u00e1 foram distribu\u00eddas doses de vacinas tanto Sinovac\/Butantan quanto Astrazeneca\/Fiocruz para 1\u00aa dose do p\u00fablico de 60 a 64 anos (Of\u00edcio Circular SIDI n.\u00ba 13\/2021 de 14 de abril de 2021), vendo que munic\u00edpios com n\u00famero de idosos similar ou at\u00e9 superior ao n\u00famero de Caruaru j\u00e1 iniciaram vacina\u00e7\u00e3o em faixa et\u00e1ria inferior \u00e0 que vem sendo praticada por Caruaru, observada tamb\u00e9m a necessidade de celeridade e efetividade da vacina\u00e7\u00e3o contra covid-19, apelamos para que a Prefeitura de Caruaru amplie a faixa et\u00e1ria de mais de 60 anos o agendamento e vacina\u00e7\u00e3o contra covid-19 no munic\u00edpio de Caruaru\u201d, registra o documento.<\/p>\n","protected":false},"excerpt":{"rendered":"<p>Atrav\u00e9s de indica\u00e7\u00e3o, o deputado estadual Erick Lessa (Progressistas) solicitou que a gest\u00e3o do munic\u00edpio de Caruaru amplie a faixa&hellip;<\/p>\n","protected":false},"author":1,"featured_media":69135,"comment_status":"open","ping_status":"open","sticky":false,"template":"","format":"standard","meta":{"footnotes":""},"categories":[14122],"tags":[2,19532,21402,1950],"class_list":["post-69134","post","type-post","status-publish","format-standard","has-post-thumbnail","hentry","category-politica","tag-blog-do-edvaldo-magalhaes","tag-blog-mais-acessado-e-visualizado-de-caruaru-e-regiao","tag-deputado-erick-lessa-solicita-que-prefeitura-de-caruaru-amplie-vacinacao-contra-covid-19-para-pessoas-com-mais-de-60-anos","tag-noticias-de-caruaru"],"_links":{"self":[{"href":"https:\/\/blogdoedvaldomagalhaes.com.br\/index.php\/wp-json\/wp\/v2\/posts\/69134","targetHints":{"allow":["GET"]}}],"collection":[{"href":"https:\/\/blogdoedvaldomagalhaes.com.br\/index.php\/wp-json\/wp\/v2\/posts"}],"about":[{"href":"https:\/\/blogdoedvaldomagalhaes.com.br\/index.php\/wp-json\/wp\/v2\/types\/post"}],"author":[{"embeddable":true,"href":"https:\/\/blogdoedvaldomagalhaes.com.br\/index.php\/wp-json\/wp\/v2\/users\/1"}],"replies":[{"embeddable":true,"href":"https:\/\/blogdoedvaldomagalhaes.com.br\/index.php\/wp-json\/wp\/v2\/comments?post=69134"}],"version-history":[{"count":1,"href":"https:\/\/blogdoedvaldomagalhaes.com.br\/index.php\/wp-json\/wp\/v2\/posts\/69134\/revisions"}],"predecessor-version":[{"id":69136,"href":"https:\/\/blogdoedvaldomagalhaes.com.br\/index.php\/wp-json\/wp\/v2\/posts\/69134\/revisions\/69136"}],"wp:featuredmedia":[{"embeddable":true,"href":"https:\/\/blogdoedvaldomagalhaes.com.br\/index.php\/wp-json\/wp\/v2\/media\/69135"}],"wp:attachment":[{"href":"https:\/\/blogdoedvaldomagalhaes.com.br\/index.php\/wp-json\/wp\/v2\/media?parent=69134"}],"wp:term":[{"taxonomy":"category","embeddable":true,"href":"https:\/\/blogdoedvaldomagalhaes.com.br\/index.php\/wp-json\/wp\/v2\/categories?post=69134"},{"taxonomy":"post_tag","embeddable":true,"href":"https:\/\/blogdoedvaldomagalhaes.com.br\/index.php\/wp-json\/wp\/v2\/tags?post=69134"}],"curies":[{"name":"wp","href":"https:\/\/api.w.org\/{rel}","templated":true}]}}