{"id":6913,"date":"2017-01-30T21:54:00","date_gmt":"2017-01-30T23:54:00","guid":{"rendered":"http:\/\/blogdoedvaldomagalhaes.com.br\/index.php\/2017\/01\/30\/advogado-de-caruaru-pede-habeas-corpus\/"},"modified":"2019-02-09T01:15:21","modified_gmt":"2019-02-09T03:15:21","slug":"advogado-de-caruaru-pede-habeas-corpus","status":"publish","type":"post","link":"https:\/\/blogdoedvaldomagalhaes.com.br\/index.php\/2017\/01\/30\/advogado-de-caruaru-pede-habeas-corpus\/","title":{"rendered":"Advogado de Caruaru pede habeas corpus de Eike Batista"},"content":{"rendered":"<div style=\"background-color: white; box-sizing: border-box; line-height: 26px; margin-bottom: 26px; text-align: justify;\">\n<\/div>\n<div class=\"separator\" style=\"clear: both; text-align: center;\">\n<a href=\"https:\/\/1.bp.blogspot.com\/-GEB7SgENKRI\/WI-1jnkXM2I\/AAAAAAAAOXs\/paj2FolvDMMFDKnlScFlmibxThUKI71SwCLcB\/s1600\/advogado.png\" imageanchor=\"1\" style=\"margin-left: 1em; margin-right: 1em;\"><img loading=\"lazy\" decoding=\"async\" border=\"0\" height=\"222\" src=\"http:\/\/blogdoedvaldomagalhaes.com.br\/wp-content\/uploads\/2017\/01\/advogado.png\" width=\"400\" \/><\/a><\/div>\n<div style=\"background-color: white; box-sizing: border-box; line-height: 26px; margin-bottom: 26px; text-align: justify;\">\nUm advogado de Caruaru (PE) entrou com um pedido de habeas corpus no in\u00edcio da tarde desta segunda-feira (30), em favor do empres\u00e1rio Eike Batista, preso desde o in\u00edcio da manh\u00e3 pela Pol\u00edcia Federal. O pedido de Jos\u00e9 Antonildo Alves de Oliveira, do escrit\u00f3rio Rodrigues e Oliveira Advogados, foi encaminhado \u00e0 7\u00aa Vara Federal Criminal do Rio e ainda n\u00e3o foi analisado.<\/div>\n<div style=\"background-color: white; box-sizing: border-box; line-height: 26px; margin-bottom: 26px; text-align: justify;\">\nOliveira n\u00e3o representa o empres\u00e1rio nem o conhece pessoalmente, apenas teve contato com ele por Twitter, afirmou em entrevista ao Broadcast. Segundo o advogado, o pedido foi feito ap\u00f3s uma \u201can\u00e1lise t\u00e9cnica\u201d sobre a decis\u00e3o de pris\u00e3o de Eike.<\/div>\n<div style=\"background-color: white; box-sizing: border-box; line-height: 26px; margin-bottom: 26px; text-align: justify;\">\n\u201cNunca estive com Eike, mas conhe\u00e7o a trajet\u00f3ria dele, \u00e9 um patriota. Al\u00e9m disso, tem a quest\u00e3o t\u00e9cnica\u201d, disse por telefone. O pedido de habeas corpus pode ser feito por qualquer cidad\u00e3o.<\/div>\n<div style=\"background-color: white; box-sizing: border-box; line-height: 26px; margin-bottom: 26px; text-align: justify;\">\nO advogado argumenta que n\u00e3o h\u00e1 necessidade de pris\u00e3o preventiva uma vez que n\u00e3o h\u00e1 nenhum demonstra\u00e7\u00e3o de que Eike queira fugir, uma vez que se apresentou \u00e0 Justi\u00e7a hoje. \u201cTamb\u00e9m n\u00e3o vejo motivos para a liberdade dele representar riscos para a ordem p\u00fablica\u201d, disse o especialista em direito criminal e constitucional.<\/div>\n<div style=\"background-color: white; box-sizing: border-box; line-height: 26px; margin-bottom: 26px; text-align: justify;\">\nEm meados de 2015, houve um caso semelhante. O consultor Mauricio Ramos Thomaz, de Campinas (SP) entrou com um pedido de habeas corpus preventivo na Justi\u00e7a Federal do Paran\u00e1 a favor do ex-presidente Luiz In\u00e1cio Lula da Silva. \u00c0 \u00e9poca, justificou a medida como uma forma de evitar eventual ordem de pris\u00e3o contra o petista no \u00e2mbito Opera\u00e7\u00e3o Lava-Jato.<\/div>\n<div style=\"background-color: white; box-sizing: border-box; line-height: 26px; margin-bottom: 26px; text-align: justify;\">\nEike Batista est\u00e1 detido na Cadeia P\u00fablica Bandeira Stampa, conhecido como Bangu 9, no Complexo de Gericin\u00f3, na zona oeste do Rio. Antes, ele havia sido encaminhado ao Pres\u00eddio Ary Franco em \u00c1gua Santa, na zona norte do Rio, para triagem.<\/div>\n<div style=\"background-color: white; box-sizing: border-box; line-height: 26px; margin-bottom: 26px; text-align: justify;\">\nForagido desde quinta-feira passada, Eike Batista desembarcou no Aeroporto Internacional do Rio de Janeiro, o Gale\u00e3o, pouco antes das 10h desta segunda-feira, vindo de Nova York.<\/div>\n","protected":false},"excerpt":{"rendered":"<p>Um advogado de Caruaru (PE) entrou com um pedido de habeas corpus no in\u00edcio da tarde desta segunda-feira (30), em&hellip;<\/p>\n","protected":false},"author":1,"featured_media":0,"comment_status":"open","ping_status":"open","sticky":false,"template":"","format":"standard","meta":{"footnotes":""},"categories":[1],"tags":[9456,9457,2,9458,6],"class_list":["post-6913","post","type-post","status-publish","format-standard","hentry","category-sem-categoria","tag-7a-vara-federal-criminal-do-rio-de-janeiro","tag-advogado-de-caruaru-pede-habeas-corpus-de-eike-batista","tag-blog-do-edvaldo-magalhaes","tag-jose-antonio-alves-de-oliveira","tag-noticias"],"_links":{"self":[{"href":"https:\/\/blogdoedvaldomagalhaes.com.br\/index.php\/wp-json\/wp\/v2\/posts\/6913","targetHints":{"allow":["GET"]}}],"collection":[{"href":"https:\/\/blogdoedvaldomagalhaes.com.br\/index.php\/wp-json\/wp\/v2\/posts"}],"about":[{"href":"https:\/\/blogdoedvaldomagalhaes.com.br\/index.php\/wp-json\/wp\/v2\/types\/post"}],"author":[{"embeddable":true,"href":"https:\/\/blogdoedvaldomagalhaes.com.br\/index.php\/wp-json\/wp\/v2\/users\/1"}],"replies":[{"embeddable":true,"href":"https:\/\/blogdoedvaldomagalhaes.com.br\/index.php\/wp-json\/wp\/v2\/comments?post=6913"}],"version-history":[{"count":1,"href":"https:\/\/blogdoedvaldomagalhaes.com.br\/index.php\/wp-json\/wp\/v2\/posts\/6913\/revisions"}],"predecessor-version":[{"id":16429,"href":"https:\/\/blogdoedvaldomagalhaes.com.br\/index.php\/wp-json\/wp\/v2\/posts\/6913\/revisions\/16429"}],"wp:attachment":[{"href":"https:\/\/blogdoedvaldomagalhaes.com.br\/index.php\/wp-json\/wp\/v2\/media?parent=6913"}],"wp:term":[{"taxonomy":"category","embeddable":true,"href":"https:\/\/blogdoedvaldomagalhaes.com.br\/index.php\/wp-json\/wp\/v2\/categories?post=6913"},{"taxonomy":"post_tag","embeddable":true,"href":"https:\/\/blogdoedvaldomagalhaes.com.br\/index.php\/wp-json\/wp\/v2\/tags?post=6913"}],"curies":[{"name":"wp","href":"https:\/\/api.w.org\/{rel}","templated":true}]}}