{"id":6911,"date":"2017-01-30T23:34:00","date_gmt":"2017-01-31T01:34:00","guid":{"rendered":"http:\/\/blogdoedvaldomagalhaes.com.br\/index.php\/2017\/01\/30\/onibus-que-transportava-pacientes\/"},"modified":"2019-02-09T01:15:22","modified_gmt":"2019-02-09T03:15:22","slug":"onibus-que-transportava-pacientes","status":"publish","type":"post","link":"https:\/\/blogdoedvaldomagalhaes.com.br\/index.php\/2017\/01\/30\/onibus-que-transportava-pacientes\/","title":{"rendered":"\u00d4nibus que transportava pacientes capota deixando morte e feridos"},"content":{"rendered":"<div class=\"separator\" style=\"clear: both; text-align: center;\">\n<a href=\"https:\/\/4.bp.blogspot.com\/-esrDovRNfN0\/WI_KsPONy7I\/AAAAAAAAOYM\/v8QxLjuiUc8-zvlsk5K3YO23Bg9JRhHNQCLcB\/s1600\/acidente.jpg\" imageanchor=\"1\" style=\"margin-left: 1em; margin-right: 1em;\"><img loading=\"lazy\" decoding=\"async\" border=\"0\" height=\"300\" src=\"http:\/\/blogdoedvaldomagalhaes.com.br\/wp-content\/uploads\/2017\/01\/acidente-1.jpg\" width=\"400\" \/><\/a><\/div>\n<div style=\"background-color: white; border: 0px; color: #575757; font-family: Lora, Georgia, serif; font-size: 16px; font-stretch: inherit; font-variant-numeric: inherit; line-height: inherit; margin: 0px; padding: 0px; text-align: justify; vertical-align: baseline;\">\n<\/div>\n<div style=\"background-color: white; border: 0px; font-stretch: inherit; font-variant-numeric: inherit; line-height: inherit; margin: 0px; padding: 0px; text-align: justify; vertical-align: baseline;\">\nUm \u00f4nibus que transportava pacientes de Capoeiras, que foram fazer hemodi\u00e1lise na Unidade de Pronto Atendimento de Garanhuns, capotou ap\u00f3s o &nbsp;motorista perder o controle do ve\u00edculo.&nbsp;O acidente deixou um passageiro de 45 anos de idade morto e 19 pessoas feridas, nesta segunda-feira (30), na BR-424, em Garanhuns, no Agreste de Pernambuco.<\/div>\n<div style=\"background-color: white; border: 0px; font-stretch: inherit; font-variant-numeric: inherit; line-height: inherit; margin: 0px; padding: 0px; text-align: justify; vertical-align: baseline;\">\n<\/div>\n<div class=\"separator\" style=\"clear: both; text-align: center;\">\n<a href=\"https:\/\/2.bp.blogspot.com\/-DaSC4e8jOSI\/WI_MSTUQCOI\/AAAAAAAAOYY\/m_AqrJxVRwYiLunriNF9XJRUuOTl9cDBwCLcB\/s1600\/pm.jpg\" imageanchor=\"1\" style=\"margin-left: 1em; margin-right: 1em;\"><img loading=\"lazy\" decoding=\"async\" border=\"0\" height=\"300\" src=\"http:\/\/blogdoedvaldomagalhaes.com.br\/wp-content\/uploads\/2017\/01\/pm-2.jpg\" width=\"400\" \/><\/a><\/div>\n<div class=\"separator\" style=\"clear: both; text-align: center;\">\nFotos: Divulga\u00e7\u00e3o\/Pol\u00edcia Militar<\/div>\n<div style=\"background-color: white; border: 0px; font-stretch: inherit; font-variant-numeric: inherit; line-height: inherit; margin: 0px; padding: 0px; text-align: justify; vertical-align: baseline;\">\n<\/div>\n<div style=\"background-color: white; border: 0px; font-stretch: inherit; font-variant-numeric: inherit; line-height: inherit; margin: 0px; padding: 0px; text-align: justify; vertical-align: baseline;\">\nO Corpo de Bombeiros levou os 17 adultos e as duas crian\u00e7as (feridos), para o Hospital Dom Moura, em Garanhuns. N\u00e3o h\u00e1 informa\u00e7\u00f5es sobre o estado de sa\u00fade das v\u00edtimas ainda.<\/div>\n","protected":false},"excerpt":{"rendered":"<p>Um \u00f4nibus que transportava pacientes de Capoeiras, que foram fazer hemodi\u00e1lise na Unidade de Pronto Atendimento de Garanhuns, capotou ap\u00f3s&hellip;<\/p>\n","protected":false},"author":1,"featured_media":0,"comment_status":"open","ping_status":"open","sticky":false,"template":"","format":"standard","meta":{"footnotes":""},"categories":[1],"tags":[2,9452,9453,3782,2277,2252,9454],"class_list":["post-6911","post","type-post","status-publish","format-standard","hentry","category-sem-categoria","tag-blog-do-edvaldo-magalhaes","tag-br-424","tag-capoeiras","tag-garanhuns","tag-hospital-dom-moura","tag-noticia","tag-onibus-que-transportava-pacientes-capota-deixando-morte-e-feridos"],"_links":{"self":[{"href":"https:\/\/blogdoedvaldomagalhaes.com.br\/index.php\/wp-json\/wp\/v2\/posts\/6911","targetHints":{"allow":["GET"]}}],"collection":[{"href":"https:\/\/blogdoedvaldomagalhaes.com.br\/index.php\/wp-json\/wp\/v2\/posts"}],"about":[{"href":"https:\/\/blogdoedvaldomagalhaes.com.br\/index.php\/wp-json\/wp\/v2\/types\/post"}],"author":[{"embeddable":true,"href":"https:\/\/blogdoedvaldomagalhaes.com.br\/index.php\/wp-json\/wp\/v2\/users\/1"}],"replies":[{"embeddable":true,"href":"https:\/\/blogdoedvaldomagalhaes.com.br\/index.php\/wp-json\/wp\/v2\/comments?post=6911"}],"version-history":[{"count":1,"href":"https:\/\/blogdoedvaldomagalhaes.com.br\/index.php\/wp-json\/wp\/v2\/posts\/6911\/revisions"}],"predecessor-version":[{"id":16434,"href":"https:\/\/blogdoedvaldomagalhaes.com.br\/index.php\/wp-json\/wp\/v2\/posts\/6911\/revisions\/16434"}],"wp:attachment":[{"href":"https:\/\/blogdoedvaldomagalhaes.com.br\/index.php\/wp-json\/wp\/v2\/media?parent=6911"}],"wp:term":[{"taxonomy":"category","embeddable":true,"href":"https:\/\/blogdoedvaldomagalhaes.com.br\/index.php\/wp-json\/wp\/v2\/categories?post=6911"},{"taxonomy":"post_tag","embeddable":true,"href":"https:\/\/blogdoedvaldomagalhaes.com.br\/index.php\/wp-json\/wp\/v2\/tags?post=6911"}],"curies":[{"name":"wp","href":"https:\/\/api.w.org\/{rel}","templated":true}]}}