{"id":6910,"date":"2017-01-31T00:42:00","date_gmt":"2017-01-31T02:42:00","guid":{"rendered":"http:\/\/blogdoedvaldomagalhaes.com.br\/index.php\/2017\/01\/31\/prefeitura-de-caruaru-divulga-4\/"},"modified":"2019-02-09T01:15:22","modified_gmt":"2019-02-09T03:15:22","slug":"prefeitura-de-caruaru-divulga-4","status":"publish","type":"post","link":"https:\/\/blogdoedvaldomagalhaes.com.br\/index.php\/2017\/01\/31\/prefeitura-de-caruaru-divulga-4\/","title":{"rendered":"Prefeitura de Caruaru divulga calend\u00e1rio de pagamento do m\u00eas de janeiro"},"content":{"rendered":"<div class=\"separator\" style=\"clear: both; text-align: center;\">\n<a href=\"https:\/\/3.bp.blogspot.com\/-zG11zH4jWNQ\/WI_dOV1RmXI\/AAAAAAAAOYo\/vDgTBca11t0qeE4yQwZfYn6SbwXH66HqQCLcB\/s1600\/prefeitura.jpg\" imageanchor=\"1\" style=\"margin-left: 1em; margin-right: 1em;\"><img loading=\"lazy\" decoding=\"async\" border=\"0\" height=\"400\" src=\"http:\/\/blogdoedvaldomagalhaes.com.br\/wp-content\/uploads\/2017\/01\/prefeitura-1.jpg\" width=\"400\" \/><\/a><\/div>\n<div style=\"background-color: white; color: #1d2129; font-family: Helvetica, Arial, sans-serif; font-size: 14px; margin-bottom: 6px;\">\n<\/div>\n<div style=\"background-color: white; color: #1d2129; display: inline; font-family: Helvetica, Arial, sans-serif; font-size: 14px; margin-top: 6px;\">\nA Prefeitura de Caruaru comunica que o pagamento da administra\u00e7\u00e3o indireta e dos servidores da Sa\u00fade ser\u00e1 realizado nesta ter\u00e7a-feira, dia 31\/01. Os demais servidores, excepcionalmente, ser\u00e3o pagos nesta quarta-feira, dia 1\u00ba\/02.<\/div>\n","protected":false},"excerpt":{"rendered":"<p>A Prefeitura de Caruaru comunica que o pagamento da administra\u00e7\u00e3o indireta e dos servidores da Sa\u00fade ser\u00e1 realizado nesta ter\u00e7a-feira,&hellip;<\/p>\n","protected":false},"author":1,"featured_media":0,"comment_status":"open","ping_status":"open","sticky":false,"template":"","format":"standard","meta":{"footnotes":""},"categories":[1],"tags":[992,6,9451],"class_list":["post-6910","post","type-post","status-publish","format-standard","hentry","category-sem-categoria","tag-blog-do-edvaldo-do-magalhaes","tag-noticias","tag-prefeitura-de-caruaru-divulga-calendario-de-pagamento-do-mes-de-janeiro"],"_links":{"self":[{"href":"https:\/\/blogdoedvaldomagalhaes.com.br\/index.php\/wp-json\/wp\/v2\/posts\/6910","targetHints":{"allow":["GET"]}}],"collection":[{"href":"https:\/\/blogdoedvaldomagalhaes.com.br\/index.php\/wp-json\/wp\/v2\/posts"}],"about":[{"href":"https:\/\/blogdoedvaldomagalhaes.com.br\/index.php\/wp-json\/wp\/v2\/types\/post"}],"author":[{"embeddable":true,"href":"https:\/\/blogdoedvaldomagalhaes.com.br\/index.php\/wp-json\/wp\/v2\/users\/1"}],"replies":[{"embeddable":true,"href":"https:\/\/blogdoedvaldomagalhaes.com.br\/index.php\/wp-json\/wp\/v2\/comments?post=6910"}],"version-history":[{"count":1,"href":"https:\/\/blogdoedvaldomagalhaes.com.br\/index.php\/wp-json\/wp\/v2\/posts\/6910\/revisions"}],"predecessor-version":[{"id":16436,"href":"https:\/\/blogdoedvaldomagalhaes.com.br\/index.php\/wp-json\/wp\/v2\/posts\/6910\/revisions\/16436"}],"wp:attachment":[{"href":"https:\/\/blogdoedvaldomagalhaes.com.br\/index.php\/wp-json\/wp\/v2\/media?parent=6910"}],"wp:term":[{"taxonomy":"category","embeddable":true,"href":"https:\/\/blogdoedvaldomagalhaes.com.br\/index.php\/wp-json\/wp\/v2\/categories?post=6910"},{"taxonomy":"post_tag","embeddable":true,"href":"https:\/\/blogdoedvaldomagalhaes.com.br\/index.php\/wp-json\/wp\/v2\/tags?post=6910"}],"curies":[{"name":"wp","href":"https:\/\/api.w.org\/{rel}","templated":true}]}}