{"id":6909,"date":"2017-01-31T00:57:00","date_gmt":"2017-01-31T02:57:00","guid":{"rendered":"http:\/\/blogdoedvaldomagalhaes.com.br\/index.php\/2017\/01\/31\/blog-esclarece-video-que-mostra-assalto\/"},"modified":"2019-02-09T01:15:22","modified_gmt":"2019-02-09T03:15:22","slug":"blog-esclarece-video-que-mostra-assalto","status":"publish","type":"post","link":"https:\/\/blogdoedvaldomagalhaes.com.br\/index.php\/2017\/01\/31\/blog-esclarece-video-que-mostra-assalto\/","title":{"rendered":"Blog esclarece: v\u00eddeo que mostra assalto a Van com sulanqueiros n\u00e3o foi em Caruaru"},"content":{"rendered":"<div class=\"separator\" style=\"clear: both; text-align: center;\">\n<a href=\"https:\/\/1.bp.blogspot.com\/-dfWTS_eO5KE\/WI_feb3MPmI\/AAAAAAAAOY0\/JfTWI_bKGtw2Z4xDGHynodu_wFgEsUDUgCLcB\/s1600\/foto%2B1.jpg\" imageanchor=\"1\" style=\"margin-left: 1em; margin-right: 1em;\"><img loading=\"lazy\" decoding=\"async\" border=\"0\" height=\"225\" src=\"http:\/\/blogdoedvaldomagalhaes.com.br\/wp-content\/uploads\/2017\/01\/foto1.jpg\" width=\"400\" \/><\/a><\/div>\n<div class=\"separator\" style=\"clear: both; text-align: center;\">\nFoto: Reprodu\u00e7\u00e3o\/Internet<\/div>\n<div class=\"separator\" style=\"clear: both; text-align: center;\">\n<\/div>\n<div style=\"background: rgb(255, 255, 255); letter-spacing: -0.02em; line-height: 1.45em; outline: 0px; padding: 0px 0px 1.5em; text-align: justify;\">\nEst\u00e1 circulando nos grupos de WhatsApp, um v\u00eddeo que mostra um assalto a uma Van, e as pessoas est\u00e3o compartilhando, dizendo que o fato ocorreu em um transporte complementar Palmares\/Caruaru, o Blog do Edvaldo Magalh\u00e3es esclarece que, o fato n\u00e3o foi registrado aqui em Pernambuco, este caso realmente aconteceu, por\u00e9m, na cidade de Castanhal, no estado do Par\u00e1.<\/p>\n<p>A c\u00e2mera de seguran\u00e7a de uma van de transporte de passageiros flagrou a a\u00e7\u00e3o de criminosos que fizeram um assalto dentro do ve\u00edculo que seguia para o munic\u00edpio de&nbsp;<a class=\"premium-tip\" href=\"http:\/\/g1.globo.com\/pa\/para\/cidade\/castanhal.html\" style=\"background: transparent; font-weight: bold; margin: 0px; outline: 0px; padding: 0px; text-decoration: none;\">Castanhal<\/a>, no nordeste do Par\u00e1, na \u00faltima quinta-feira (26).<\/div>\n<div style=\"background: rgb(255, 255, 255); letter-spacing: -0.02em; line-height: 1.45em; outline: 0px; padding: 0px 0px 1.5em; text-align: justify;\">\nNas imagens, divulgadas nesse s\u00e1bado (28), \u00e9 poss\u00edvel observar que dois homens se passam por passageiros durante a viagem para n\u00e3o chamar a aten\u00e7\u00e3o, at\u00e9 que um deles, sentado na poltrona da frente, mostra uma arma e come\u00e7a a roubar as carteiras e os telefones celulares dos ocupantes do ve\u00edculo.<\/div>\n<div style=\"background: rgb(255, 255, 255); letter-spacing: -0.02em; line-height: 1.45em; outline: 0px; padding: 0px 0px 1.5em; text-align: justify;\">\nOutro criminoso, que ocupava uma poltrona ao fundo, toma a frente da a\u00e7\u00e3o e, com um rev\u00f3lver, faz amea\u00e7as ao motorista e os passageiros. Violento, ele empurra a arma v\u00e1rias vezes contra as costas de uma das v\u00edtimas. O rev\u00f3lver dispara assustando as v\u00edtimas, e at\u00e9 o pr\u00f3prio criminoso, que fica atordoado com o barulho do tiro, que n\u00e3o atingiu ningu\u00e9m, mas perfurou a lataria do ve\u00edculo. A dupla usa uma mochila para recolher os objetos roubados e foge em seguida.<\/div>\n<div style=\"background: rgb(255, 255, 255); letter-spacing: -0.02em; line-height: 1.45em; outline: 0px; padding: 0px 0px 1.5em; text-align: justify;\">\nDe acordo com o motorista da van, que pediu para n\u00e3o ser identificado, o caso foi registrado na Delegacia de&nbsp;<a class=\"premium-tip\" href=\"http:\/\/g1.globo.com\/pa\/para\/cidade\/marituba.html\" style=\"background: transparent; font-weight: bold; margin: 0px; outline: 0px; padding: 0px; text-decoration: none;\">Marituba<\/a>, na Grande&nbsp;<a class=\"premium-tip\" href=\"http:\/\/g1.globo.com\/pa\/para\/cidade\/belem.html\" style=\"background: transparent; font-weight: bold; margin: 0px; outline: 0px; padding: 0px; text-decoration: none;\">Bel\u00e9m<\/a>. Quem identificar os criminosos pode fazer a den\u00fancia pelo n\u00famero 181, o telefone do Disque Den\u00fancia.<\/div>\n","protected":false},"excerpt":{"rendered":"<p>Foto: Reprodu\u00e7\u00e3o\/Internet Est\u00e1 circulando nos grupos de WhatsApp, um v\u00eddeo que mostra um assalto a uma Van, e as pessoas&hellip;<\/p>\n","protected":false},"author":1,"featured_media":0,"comment_status":"open","ping_status":"open","sticky":false,"template":"","format":"standard","meta":{"footnotes":""},"categories":[1],"tags":[2,9450,6],"class_list":["post-6909","post","type-post","status-publish","format-standard","hentry","category-sem-categoria","tag-blog-do-edvaldo-magalhaes","tag-blog-esclarece-video-que-mostra-assalto-a-van-nao-foi-em-transporte-completar-de-palmares-caruaru","tag-noticias"],"_links":{"self":[{"href":"https:\/\/blogdoedvaldomagalhaes.com.br\/index.php\/wp-json\/wp\/v2\/posts\/6909","targetHints":{"allow":["GET"]}}],"collection":[{"href":"https:\/\/blogdoedvaldomagalhaes.com.br\/index.php\/wp-json\/wp\/v2\/posts"}],"about":[{"href":"https:\/\/blogdoedvaldomagalhaes.com.br\/index.php\/wp-json\/wp\/v2\/types\/post"}],"author":[{"embeddable":true,"href":"https:\/\/blogdoedvaldomagalhaes.com.br\/index.php\/wp-json\/wp\/v2\/users\/1"}],"replies":[{"embeddable":true,"href":"https:\/\/blogdoedvaldomagalhaes.com.br\/index.php\/wp-json\/wp\/v2\/comments?post=6909"}],"version-history":[{"count":1,"href":"https:\/\/blogdoedvaldomagalhaes.com.br\/index.php\/wp-json\/wp\/v2\/posts\/6909\/revisions"}],"predecessor-version":[{"id":16438,"href":"https:\/\/blogdoedvaldomagalhaes.com.br\/index.php\/wp-json\/wp\/v2\/posts\/6909\/revisions\/16438"}],"wp:attachment":[{"href":"https:\/\/blogdoedvaldomagalhaes.com.br\/index.php\/wp-json\/wp\/v2\/media?parent=6909"}],"wp:term":[{"taxonomy":"category","embeddable":true,"href":"https:\/\/blogdoedvaldomagalhaes.com.br\/index.php\/wp-json\/wp\/v2\/categories?post=6909"},{"taxonomy":"post_tag","embeddable":true,"href":"https:\/\/blogdoedvaldomagalhaes.com.br\/index.php\/wp-json\/wp\/v2\/tags?post=6909"}],"curies":[{"name":"wp","href":"https:\/\/api.w.org\/{rel}","templated":true}]}}