{"id":6901,"date":"2017-02-01T01:55:00","date_gmt":"2017-02-01T03:55:00","guid":{"rendered":"http:\/\/blogdoedvaldomagalhaes.com.br\/index.php\/2017\/02\/01\/policia-recupera-carro-roubado-apreende\/"},"modified":"2019-02-09T01:15:28","modified_gmt":"2019-02-09T03:15:28","slug":"policia-recupera-carro-roubado-apreende","status":"publish","type":"post","link":"https:\/\/blogdoedvaldomagalhaes.com.br\/index.php\/2017\/02\/01\/policia-recupera-carro-roubado-apreende\/","title":{"rendered":"Pol\u00edcia recupera carro roubado apreende arma de fogo e produtos de roubo em Caruaru"},"content":{"rendered":"<div class=\"separator\" style=\"clear: both; text-align: center;\">\n<a href=\"https:\/\/2.bp.blogspot.com\/-S46ko3kSzVg\/WJE-4BXftcI\/AAAAAAAAOa8\/FuhQDiLnjj064fSoFcQjny_8Nn6VkbRZQCLcB\/s1600\/roubo%2B1.jpeg\" imageanchor=\"1\" style=\"margin-left: 1em; margin-right: 1em;\"><img loading=\"lazy\" decoding=\"async\" border=\"0\" height=\"225\" src=\"http:\/\/blogdoedvaldomagalhaes.com.br\/wp-content\/uploads\/2017\/02\/roubo1.jpeg\" width=\"400\" \/><\/a><\/div>\n<h3 class=\"post-title entry-title\" itemprop=\"name\" style=\"background-color: white; font-stretch: normal; font-weight: normal; line-height: normal; margin: 0.75em 0px 0px; position: relative; text-align: justify;\">\nO &nbsp;efetivo da GE ROCAM foi empenhado pelo COPOM, e deslocou-se at\u00e9 a Academia das Cidades, no Bairro S\u00e3o Jo\u00e3o da Esc\u00f3cia, nesta ter\u00e7a-feira (31), a fim de atender ocorr\u00eancia, na qual um cidad\u00e3o, que teve o seu ve\u00edculo tomado de assalto, na manh\u00e3 de hoje, estaria rastreando o referido ve\u00edculo, atrav\u00e9s de um aparelho de telefone celular, tamb\u00e9m tomado no assalto.<\/h3>\n<div style=\"text-align: justify;\">\n<\/div>\n<div class=\"separator\" style=\"clear: both; text-align: center;\">\n<a href=\"https:\/\/4.bp.blogspot.com\/-r-vLne_SEPM\/WJE--BYKzCI\/AAAAAAAAObA\/GyhqA0_eIWkF297YQH8J_HitWVig57A6QCLcB\/s1600\/roubo%2B2.jpeg\" imageanchor=\"1\" style=\"margin-left: 1em; margin-right: 1em;\"><img loading=\"lazy\" decoding=\"async\" border=\"0\" height=\"225\" src=\"http:\/\/blogdoedvaldomagalhaes.com.br\/wp-content\/uploads\/2017\/02\/roubo2.jpeg\" width=\"400\" \/><\/a><\/div>\n<p><\/p>\n<div class=\"separator\" style=\"clear: both; text-align: center;\">\n<a href=\"https:\/\/1.bp.blogspot.com\/-zzdyZ9HqHIA\/WJE-_k4LZMI\/AAAAAAAAObE\/W5QfnCE7A74_vGZ_Npd5KuiJfIrTjMfrACLcB\/s1600\/roubo%2B3.jpeg\" imageanchor=\"1\" style=\"margin-left: 1em; margin-right: 1em;\"><img loading=\"lazy\" decoding=\"async\" border=\"0\" height=\"225\" src=\"http:\/\/blogdoedvaldomagalhaes.com.br\/wp-content\/uploads\/2017\/02\/roubo3.jpeg\" width=\"400\" \/><\/a><\/div>\n<div class=\"separator\" style=\"clear: both; text-align: center;\">\n<\/div>\n<div class=\"MsoNormal\" style=\"background-color: white; text-align: justify;\">\nAo chegar no endere\u00e7o indicado pelo localizador do telefone celular, na Rua Palermo, naquele mesmo bairro, o efetivo localizou o ve\u00edculo modelo Gol branco, tomado de assalto, estacionado na garagem da resid\u00eancia, e, ao serem realizadas buscas no interior da casa, foram apreendidos um rev\u00f3lver calibre 38, al\u00e9m de 13 muni\u00e7\u00f5es do mesmo calibre intactas, R$ 178,00 em esp\u00e9cie, al\u00e9m de diversos produtos de proced\u00eancia duvidosa, tais como utens\u00edlios de cozinha e cal\u00e7ados.<\/div>\n<div class=\"MsoNormal\" style=\"background-color: white; text-align: justify;\">\n<\/div>\n<div class=\"separator\" style=\"clear: both; text-align: center;\">\n<a href=\"https:\/\/2.bp.blogspot.com\/-GOlllRiaARM\/WJE_FXK4JQI\/AAAAAAAAObI\/SG5ci1cWIMo13S0acg11dXR0qNJ7UGR4wCLcB\/s1600\/roubo%2B4.jpeg\" imageanchor=\"1\" style=\"margin-left: 1em; margin-right: 1em;\"><img loading=\"lazy\" decoding=\"async\" border=\"0\" height=\"225\" src=\"http:\/\/blogdoedvaldomagalhaes.com.br\/wp-content\/uploads\/2017\/02\/roubo4.jpeg\" width=\"400\" \/><\/a><\/div>\n<p><\/p>\n<div class=\"separator\" style=\"clear: both; text-align: center;\">\n<a href=\"https:\/\/4.bp.blogspot.com\/-gmo-t9KpWLg\/WJE_G76FZmI\/AAAAAAAAObM\/A-p8Enou2qM74hv6c_BM8i8B_fgThW02ACLcB\/s1600\/roubo%2B5.jpeg\" imageanchor=\"1\" style=\"margin-left: 1em; margin-right: 1em;\"><img loading=\"lazy\" decoding=\"async\" border=\"0\" height=\"225\" src=\"http:\/\/blogdoedvaldomagalhaes.com.br\/wp-content\/uploads\/2017\/02\/roubo5.jpeg\" width=\"400\" \/><\/a><\/div>\n<div class=\"separator\" style=\"clear: both; text-align: center;\">\nFotos e informa\u00e7\u00f5es de Adielson Galv\u00e3o<\/div>\n<div>\n<\/div>\n<div>\n<\/div>\n","protected":false},"excerpt":{"rendered":"<p>O &nbsp;efetivo da GE ROCAM foi empenhado pelo COPOM, e deslocou-se at\u00e9 a Academia das Cidades, no Bairro S\u00e3o Jo\u00e3o&hellip;<\/p>\n","protected":false},"author":1,"featured_media":0,"comment_status":"open","ping_status":"open","sticky":false,"template":"","format":"standard","meta":{"footnotes":""},"categories":[1],"tags":[5455,2,9434,13],"class_list":["post-6901","post","type-post","status-publish","format-standard","hentry","category-sem-categoria","tag-bairro-sao-joao-joao-da-escocia","tag-blog-do-edvaldo-magalhaes","tag-policia-recupera-carro-roubado-apreende-arma-de-fogo-e-produtos-de-roubo-em-caruaru","tag-policial"],"_links":{"self":[{"href":"https:\/\/blogdoedvaldomagalhaes.com.br\/index.php\/wp-json\/wp\/v2\/posts\/6901","targetHints":{"allow":["GET"]}}],"collection":[{"href":"https:\/\/blogdoedvaldomagalhaes.com.br\/index.php\/wp-json\/wp\/v2\/posts"}],"about":[{"href":"https:\/\/blogdoedvaldomagalhaes.com.br\/index.php\/wp-json\/wp\/v2\/types\/post"}],"author":[{"embeddable":true,"href":"https:\/\/blogdoedvaldomagalhaes.com.br\/index.php\/wp-json\/wp\/v2\/users\/1"}],"replies":[{"embeddable":true,"href":"https:\/\/blogdoedvaldomagalhaes.com.br\/index.php\/wp-json\/wp\/v2\/comments?post=6901"}],"version-history":[{"count":1,"href":"https:\/\/blogdoedvaldomagalhaes.com.br\/index.php\/wp-json\/wp\/v2\/posts\/6901\/revisions"}],"predecessor-version":[{"id":16461,"href":"https:\/\/blogdoedvaldomagalhaes.com.br\/index.php\/wp-json\/wp\/v2\/posts\/6901\/revisions\/16461"}],"wp:attachment":[{"href":"https:\/\/blogdoedvaldomagalhaes.com.br\/index.php\/wp-json\/wp\/v2\/media?parent=6901"}],"wp:term":[{"taxonomy":"category","embeddable":true,"href":"https:\/\/blogdoedvaldomagalhaes.com.br\/index.php\/wp-json\/wp\/v2\/categories?post=6901"},{"taxonomy":"post_tag","embeddable":true,"href":"https:\/\/blogdoedvaldomagalhaes.com.br\/index.php\/wp-json\/wp\/v2\/tags?post=6901"}],"curies":[{"name":"wp","href":"https:\/\/api.w.org\/{rel}","templated":true}]}}