{"id":6900,"date":"2017-02-01T02:12:00","date_gmt":"2017-02-01T04:12:00","guid":{"rendered":"http:\/\/blogdoedvaldomagalhaes.com.br\/index.php\/2017\/02\/01\/saiba-tudo-sobre-central-x-nautico-pelo\/"},"modified":"2019-02-09T01:15:28","modified_gmt":"2019-02-09T03:15:28","slug":"saiba-tudo-sobre-central-x-nautico-pelo","status":"publish","type":"post","link":"https:\/\/blogdoedvaldomagalhaes.com.br\/index.php\/2017\/02\/01\/saiba-tudo-sobre-central-x-nautico-pelo\/","title":{"rendered":"Saiba tudo sobre Central x N\u00e1utico pelo Blog"},"content":{"rendered":"<div class=\"separator\" style=\"clear: both; text-align: center;\">\n<a href=\"https:\/\/3.bp.blogspot.com\/-STwrbz9Pk7c\/WJFDstw_ZfI\/AAAAAAAAObc\/NFsV4-G6kcopppwwDhDRttezwKBKuuHkQCLcB\/s1600\/central.jpg\" imageanchor=\"1\" style=\"margin-left: 1em; margin-right: 1em;\"><img loading=\"lazy\" decoding=\"async\" border=\"0\" height=\"400\" src=\"http:\/\/blogdoedvaldomagalhaes.com.br\/wp-content\/uploads\/2017\/02\/central.jpg\" width=\"400\" \/><\/a><\/div>\n<div class=\"separator\" style=\"clear: both; text-align: center;\">\nFoto: Medson Magno\/Est\u00e1dio Vera Cruz<\/div>\n<div style=\"-webkit-font-smoothing: antialiased; background-color: white; border: 0px; box-sizing: content-box; font-stretch: inherit; font-variant-numeric: inherit; line-height: 25px; padding: 0px 0px 1.5em; vertical-align: baseline; word-wrap: break-word;\">\n<\/div>\n<div style=\"-webkit-font-smoothing: antialiased; background-color: white; border: 0px; box-sizing: content-box; font-stretch: inherit; font-variant-numeric: inherit; line-height: 25px; padding: 0px 0px 1.5em; text-align: justify; vertical-align: baseline; word-wrap: break-word;\">\nO t\u00e9cnico do Central, Laelson Lima, na\u00f5 sabe se utiliza o esquema t\u00e1tico 4-4-2 ou 3-5-2 contra o N\u00e1utico, \u00e0s 20h30 desta quarta-feira (1\u00ba), no Est\u00e1dio Ant\u00f4nio In\u00e1cio de Souza, em Caruaru. O&nbsp;volante Everton Hora virou desfalque de \u00faltima hora.<\/div>\n<div style=\"-webkit-font-smoothing: antialiased; background-color: white; border: 0px; box-sizing: content-box; font-stretch: inherit; font-variant-numeric: inherit; line-height: 25px; padding: 0px 0px 1.5em; text-align: justify; vertical-align: baseline; word-wrap: break-word;\">\nSe o treinador optar pelo&nbsp;4-4-2, o time vai jogar com: Murilo; Sanny Rodrigues, Marlon Ventura, Thomaz e Altemar; Paulinho Curu\u00e1, Vagner Rosa, David Manteiga e A\u00edlton; Anderson Lessa e Kleitinho. Lembrando que&nbsp;Sanny ser\u00e1 o substituto dos laterais Baiano (Machucado) e Luiz Matheus (Suspenso). Paulinho Curu\u00e1 ser\u00e1 o substituto de Everton Hora, caso o time atue no 4-4-2.<\/div>\n<div style=\"-webkit-font-smoothing: antialiased; background-color: white; border: 0px; box-sizing: content-box; font-stretch: inherit; font-variant-numeric: inherit; line-height: 25px; padding: 0px 0px 1.5em; text-align: justify; vertical-align: baseline; word-wrap: break-word;\">\nE se o treinador optar pelo esquema&nbsp;3-5-2, o time vai jogar com: Murilo; Marlon Ventura, Thomaz e Everton Moura; Sanny Rodrigues, Vagner Rosa, David Manteiga, A\u00edlton e Altemar; Anderson Lessa e Kleitinho.<\/div>\n<div style=\"-webkit-font-smoothing: antialiased; background-color: white; border: 0px; box-sizing: content-box; font-stretch: inherit; font-variant-numeric: inherit; line-height: 25px; padding: 0px 0px 1.5em; text-align: justify; vertical-align: baseline; word-wrap: break-word;\">\nNo N\u00e1utico, o \u00fanico treino coletivo antes de enfrentar o Central, comando pelo t\u00e9cnico Dado Cavalcanti o time foi escalado com Thiago Cardoso,&nbsp;Joazi, Tiago Alves, Ewerton P\u00e1scoa e Manoel; Jo\u00e3o Ananias, Rodrigo Souza e Maylson; Jefferson Nem, Giva e Alison. A escolha por Maylson para a vaga em aberto era a mais \u00f3bvia e j\u00e1 havia ocorrido no \u00faltimo domingo ap\u00f3s a expuls\u00e3o de Dudu. Cal era outra op\u00e7\u00e3o, mas o comandante optou pelo atleta mais experiente e que revezava o posto com Marco Ant\u00f4nio na pr\u00e9-temporada.<\/div>\n<div style=\"-webkit-font-smoothing: antialiased; background-color: white; border: 0px; box-sizing: content-box; font-stretch: inherit; font-variant-numeric: inherit; line-height: 25px; padding: 0px 0px 1.5em; vertical-align: baseline; word-wrap: break-word;\">\nO \u00e1rbitro ser\u00e1 Jos\u00e9 Whoshington, com assist\u00eancias de Ricardo Chianca e Bruno Vieira. 4\u00ba \u00e1rbitro: Ricardo Jorge. Os ingressos custam: R$ 20,00 inteira e R$ 10,00 meia entrada, sendo colocados 4 mil ingressos.<\/div>\n<table border=\"0\" cellpadding=\"0\" cellspacing=\"0\" style=\"text-align: center; width: 635px;\">\n<tbody><\/tbody>\n<\/table>\n<div style=\"-webkit-font-smoothing: antialiased; background-color: white; border: 0px; box-sizing: content-box; font-stretch: inherit; font-variant-numeric: inherit; line-height: 25px; padding: 0px 0px 1.5em; text-align: justify; vertical-align: baseline; word-wrap: break-word;\">\nEm rela\u00e7\u00e3o aos torcedores, houve uma reuni\u00e3o envolvendo o Juizado do Torcedor, Pol\u00edcia Militar e outras entidades para deliberar sobre quest\u00f5es de seguran\u00e7a sobre o jogo, e ficou decidido que a partida ter\u00e1 a presen\u00e7a das duas torcidas. Um torcedor do Timbu entrou com um pedido de liminar para que a torcida alvirrubra fosse ao est\u00e1dio. As torcidas ter\u00e3o acessos diferentes no est\u00e1dio, para evitar poss\u00edveis confrontos. Se o esquema der certo, poder\u00e1 ser repetido na partida entre Central x Santa Cruz. O jogo ser\u00e1 na pr\u00f3xima quarta-feira \u00e0s 20h30, tamb\u00e9m no Est\u00e1dio Ant\u00f4nio In\u00e1cio de Souza (Vera Cruz).<\/div>\n","protected":false},"excerpt":{"rendered":"<p>Foto: Medson Magno\/Est\u00e1dio Vera Cruz O t\u00e9cnico do Central, Laelson Lima, na\u00f5 sabe se utiliza o esquema t\u00e1tico 4-4-2 ou&hellip;<\/p>\n","protected":false},"author":1,"featured_media":0,"comment_status":"open","ping_status":"open","sticky":false,"template":"","format":"standard","meta":{"footnotes":""},"categories":[1],"tags":[992,9432,3,8970,9433],"class_list":["post-6900","post","type-post","status-publish","format-standard","hentry","category-sem-categoria","tag-blog-do-edvaldo-do-magalhaes","tag-dado-cavalcanti","tag-futebol","tag-laelson-lima","tag-saiba-tudo-sobre-central-x-nautico-pelo-blog"],"_links":{"self":[{"href":"https:\/\/blogdoedvaldomagalhaes.com.br\/index.php\/wp-json\/wp\/v2\/posts\/6900","targetHints":{"allow":["GET"]}}],"collection":[{"href":"https:\/\/blogdoedvaldomagalhaes.com.br\/index.php\/wp-json\/wp\/v2\/posts"}],"about":[{"href":"https:\/\/blogdoedvaldomagalhaes.com.br\/index.php\/wp-json\/wp\/v2\/types\/post"}],"author":[{"embeddable":true,"href":"https:\/\/blogdoedvaldomagalhaes.com.br\/index.php\/wp-json\/wp\/v2\/users\/1"}],"replies":[{"embeddable":true,"href":"https:\/\/blogdoedvaldomagalhaes.com.br\/index.php\/wp-json\/wp\/v2\/comments?post=6900"}],"version-history":[{"count":1,"href":"https:\/\/blogdoedvaldomagalhaes.com.br\/index.php\/wp-json\/wp\/v2\/posts\/6900\/revisions"}],"predecessor-version":[{"id":16463,"href":"https:\/\/blogdoedvaldomagalhaes.com.br\/index.php\/wp-json\/wp\/v2\/posts\/6900\/revisions\/16463"}],"wp:attachment":[{"href":"https:\/\/blogdoedvaldomagalhaes.com.br\/index.php\/wp-json\/wp\/v2\/media?parent=6900"}],"wp:term":[{"taxonomy":"category","embeddable":true,"href":"https:\/\/blogdoedvaldomagalhaes.com.br\/index.php\/wp-json\/wp\/v2\/categories?post=6900"},{"taxonomy":"post_tag","embeddable":true,"href":"https:\/\/blogdoedvaldomagalhaes.com.br\/index.php\/wp-json\/wp\/v2\/tags?post=6900"}],"curies":[{"name":"wp","href":"https:\/\/api.w.org\/{rel}","templated":true}]}}