{"id":69,"date":"2019-02-01T14:01:00","date_gmt":"2019-02-01T16:01:00","guid":{"rendered":"http:\/\/blogdoedvaldomagalhaes.com.br\/index.php\/2019\/02\/01\/prefeitura-de-caruaru-promove-encontro\/"},"modified":"2019-02-10T10:28:45","modified_gmt":"2019-02-10T13:28:45","slug":"prefeitura-de-caruaru-promove-encontro","status":"publish","type":"post","link":"https:\/\/blogdoedvaldomagalhaes.com.br\/index.php\/2019\/02\/01\/prefeitura-de-caruaru-promove-encontro\/","title":{"rendered":"Prefeitura de Caruaru promove Encontro de Educa\u00e7\u00e3o em Rede"},"content":{"rendered":"<div class=\"separator\" style=\"clear: both; text-align: center;\">\n<a href=\"https:\/\/4.bp.blogspot.com\/-kwyu4ez2tQQ\/XFRQaI6MHrI\/AAAAAAABB4E\/muSEFnDoT3I80ypbdJ2z17DLDwIRyQ5DQCLcBGAs\/s1600\/IMG-20190201-WA0026.jpg\" imageanchor=\"1\" style=\"margin-left: 1em; margin-right: 1em;\"><img loading=\"lazy\" decoding=\"async\" border=\"0\" data-original-height=\"1280\" data-original-width=\"1280\" height=\"640\" src=\"http:\/\/blogdoedvaldomagalhaes.com.br\/wp-content\/uploads\/2019\/02\/IMG-20190201-WA0026.jpg\" width=\"640\"><\/a><\/div>\n<div style=\"text-align: justify;\"><\/div>\n<div style=\"text-align: justify;\">\nTendo em vista a proximidade do ano letivo e com a finalidade de assegurar o sucesso escolar, a Prefeitura de Caruaru, atrav\u00e9s da Secretaria de Educa\u00e7\u00e3o, promove o Encontro de Educa\u00e7\u00e3o em Rede que tem como tema: Compet\u00eancias Socioemocionais no Contexto Escolar.<\/div>\n<div style=\"text-align: justify;\"><\/div>\n<div style=\"text-align: justify;\">\nO evento ser\u00e1 realizado no Centro de Conven\u00e7\u00f5es &#8211; Senac Caruaru, das 8h \u00e0s 12h e 13h30 \u00e0s 17h, na pr\u00f3xima segunda-feira (04).&nbsp; O encontro, que faz parte do Juntos pela Educa\u00e7\u00e3o, envolve professores das escolas municipais da cidade e do campo que participar\u00e3o de diversas atividades com o prop\u00f3sito de trocar conhecimentos e experi\u00eancias que estimular\u00e3o as compet\u00eancias socioemocionais dos estudantes.<\/div>\n<div style=\"text-align: justify;\"><\/div>\n<div style=\"text-align: justify;\">\nO objetivo \u00e9 evidenciar a import\u00e2ncia do acompanhamento pedag\u00f3gico nos componentes de L\u00edngua Portuguesa e Matem\u00e1tica com base nos indicadores de avalia\u00e7\u00e3o, al\u00e9m disso, ser\u00e1 um momento de entrosamento entre os profissionais, fortalecendo o di\u00e1logo.<\/div>\n<div style=\"text-align: justify;\"><\/div>\n<div style=\"text-align: justify;\">\nA programa\u00e7\u00e3o \u00e9 vasta e envolve palestras e debates, entre eles,&nbsp; com o Mestre em Psicologia Social da Universidade de S\u00e3o Paulo (USP), Jo\u00e3o Roberto Ara\u00fajo e a professora Gerliene Maia, coordenadora pedag\u00f3gica da Editora Moderna.<\/div>\n<div style=\"text-align: justify;\"><\/div>\n<div style=\"text-align: justify;\">\nJuntos pela Educa\u00e7\u00e3o<\/div>\n<div style=\"text-align: justify;\"><\/div>\n<div style=\"text-align: justify;\">\nCriado em 17 de julho de 2017 pela prefeita Raquel Lyra, o \u201cJuntos pela Educa\u00e7\u00e3o\u201d \u00e9 um movimento que visa transformar Caruaru pela Educa\u00e7\u00e3o, impulsionando a qualidade e equidade da Educa\u00e7\u00e3o B\u00e1sica. Apartid\u00e1rio e plural, o programa tem a participa\u00e7\u00e3o de representantes de diferentes setores da sociedade que s\u00e3o comprometidos com a garantia do direito a uma educa\u00e7\u00e3o de qualidade para todos.<\/div>\n<div style=\"text-align: justify;\"><\/div>\n<div style=\"text-align: justify;\">\nInforma\u00e7\u00f5es: Janayna Cl\u00edmaco\/Assessora de Imprensa.<\/div>\n<div style=\"text-align: justify;\"><\/div>\n","protected":false},"excerpt":{"rendered":"<p>Tendo em vista a proximidade do ano letivo e com a finalidade de assegurar o sucesso escolar, a Prefeitura de&hellip;<\/p>\n","protected":false},"author":1,"featured_media":0,"comment_status":"open","ping_status":"open","sticky":false,"template":"","format":"standard","meta":{"footnotes":""},"categories":[14122],"tags":[2,20,76],"class_list":["post-69","post","type-post","status-publish","format-standard","hentry","category-politica","tag-blog-do-edvaldo-magalhaes","tag-politica","tag-prefeitura-de-caruaru-promove-encontro-de-educacao-em-rede"],"_links":{"self":[{"href":"https:\/\/blogdoedvaldomagalhaes.com.br\/index.php\/wp-json\/wp\/v2\/posts\/69","targetHints":{"allow":["GET"]}}],"collection":[{"href":"https:\/\/blogdoedvaldomagalhaes.com.br\/index.php\/wp-json\/wp\/v2\/posts"}],"about":[{"href":"https:\/\/blogdoedvaldomagalhaes.com.br\/index.php\/wp-json\/wp\/v2\/types\/post"}],"author":[{"embeddable":true,"href":"https:\/\/blogdoedvaldomagalhaes.com.br\/index.php\/wp-json\/wp\/v2\/users\/1"}],"replies":[{"embeddable":true,"href":"https:\/\/blogdoedvaldomagalhaes.com.br\/index.php\/wp-json\/wp\/v2\/comments?post=69"}],"version-history":[{"count":2,"href":"https:\/\/blogdoedvaldomagalhaes.com.br\/index.php\/wp-json\/wp\/v2\/posts\/69\/revisions"}],"predecessor-version":[{"id":38225,"href":"https:\/\/blogdoedvaldomagalhaes.com.br\/index.php\/wp-json\/wp\/v2\/posts\/69\/revisions\/38225"}],"wp:attachment":[{"href":"https:\/\/blogdoedvaldomagalhaes.com.br\/index.php\/wp-json\/wp\/v2\/media?parent=69"}],"wp:term":[{"taxonomy":"category","embeddable":true,"href":"https:\/\/blogdoedvaldomagalhaes.com.br\/index.php\/wp-json\/wp\/v2\/categories?post=69"},{"taxonomy":"post_tag","embeddable":true,"href":"https:\/\/blogdoedvaldomagalhaes.com.br\/index.php\/wp-json\/wp\/v2\/tags?post=69"}],"curies":[{"name":"wp","href":"https:\/\/api.w.org\/{rel}","templated":true}]}}